{"id":15070,"date":"2023-04-22T13:44:23","date_gmt":"2023-04-22T18:44:23","guid":{"rendered":"https:\/\/podernacional.com\/?p=15070"},"modified":"2023-04-22T18:44:40","modified_gmt":"2023-04-22T18:44:40","slug":"maribel-guardia-vuelve-al-teatro-tras-muerte-de-julian-figueroa","status":"publish","type":"post","link":"https:\/\/podernacional.com\/?p=15070","title":{"rendered":"Maribel Guardia vuelve al teatro tras muerte de Juli\u00e1n Figueroa"},"content":{"rendered":"<p>Maribel Guardia vuelve al teatro tras muerte de Juli\u00e1n Figueroa. Daniel Bisogno narr\u00f3 c\u00f3mo fue la vuelta al escenario de la actriz de 63 a\u00f1os.<\/p>\n<p>Si bien la presentadora ya se hab\u00eda presentado a su programa en \u00abUnicable\u00bb y agradeci\u00f3 el cari\u00f1o del p\u00fablico. Ahora le toc\u00f3 regresar al escenario en la producci\u00f3n teatral \u00abLagunilla mi barrio\u00bb.<\/p>\n<p>En este tiempo lejos del escenario fue Alma Cero quien supli\u00f3 a la cantante como parte de la producci\u00f3n. Y aunque se dijo que Guardia retomar\u00eda sus actividades, prefiri\u00f3 darse el tiempo suficiente para sobrellevar el luto.<\/p>\n<p>El lunes 17 de abril la audiencia que asisti\u00f3 al foro de Unicable presenci\u00f3 el regreso de Maribel. Pero ahora le toc\u00f3 volver en su papel de \u00abLancha\u00bb.<\/p>\n<p>En redes sociales subi\u00f3 una postal en donde la actriz aparece con un vestido floreado, melena rizada y en papel lista para dar lo mejor de ella en el show teatral.<\/p>\n<p>Muchas personas se sumaron a los comentarios positivos y reconocieron la resiliencia de la vedette para afrontar el duelo tras la muerte de Juli\u00e1n Figueroa, de tan solo 27 a\u00f1os.<\/p>\n<p>Maribel Guardia volvi\u00f3 al teatro tras muerte de Juli\u00e1n Figueroa y recibi\u00f3 numerosas palabras de aprecio y apoyo.<\/p>\n","protected":false},"excerpt":{"rendered":"<p>Maribel Guardia vuelve al teatro tras muerte de Juli\u00e1n Figueroa. Daniel Bisogno narr\u00f3 c\u00f3mo fue la vuelta al escenario de la actriz de 63 a\u00f1os. Si bien la presentadora ya se hab\u00eda presentado a su programa en \u00abUnicable\u00bb y agradeci\u00f3 el cari\u00f1o del p\u00fablico. Ahora le toc\u00f3 regresar al escenario en la producci\u00f3n teatral \u00abLagunilla [&hellip;]<\/p>\n","protected":false},"author":1,"featured_media":15072,"comment_status":"open","ping_status":"closed","sticky":false,"template":"","format":"standard","meta":{"footnotes":""},"categories":[4],"tags":[],"class_list":["post-15070","post","type-post","status-publish","format-standard","has-post-thumbnail","hentry","category-espectaculos"],"_links":{"self":[{"href":"https:\/\/podernacional.com\/index.php?rest_route=\/wp\/v2\/posts\/15070","targetHints":{"allow":["GET"]}}],"collection":[{"href":"https:\/\/podernacional.com\/index.php?rest_route=\/wp\/v2\/posts"}],"about":[{"href":"https:\/\/podernacional.com\/index.php?rest_route=\/wp\/v2\/types\/post"}],"author":[{"embeddable":true,"href":"https:\/\/podernacional.com\/index.php?rest_route=\/wp\/v2\/users\/1"}],"replies":[{"embeddable":true,"href":"https:\/\/podernacional.com\/index.php?rest_route=%2Fwp%2Fv2%2Fcomments&post=15070"}],"version-history":[{"count":1,"href":"https:\/\/podernacional.com\/index.php?rest_route=\/wp\/v2\/posts\/15070\/revisions"}],"predecessor-version":[{"id":15071,"href":"https:\/\/podernacional.com\/index.php?rest_route=\/wp\/v2\/posts\/15070\/revisions\/15071"}],"wp:featuredmedia":[{"embeddable":true,"href":"https:\/\/podernacional.com\/index.php?rest_route=\/wp\/v2\/media\/15072"}],"wp:attachment":[{"href":"https:\/\/podernacional.com\/index.php?rest_route=%2Fwp%2Fv2%2Fmedia&parent=15070"}],"wp:term":[{"taxonomy":"category","embeddable":true,"href":"https:\/\/podernacional.com\/index.php?rest_route=%2Fwp%2Fv2%2Fcategories&post=15070"},{"taxonomy":"post_tag","embeddable":true,"href":"https:\/\/podernacional.com\/index.php?rest_route=%2Fwp%2Fv2%2Ftags&post=15070"}],"curies":[{"name":"wp","href":"https:\/\/api.w.org\/{rel}","templated":true}]}}