{"id":15109,"date":"2023-04-24T11:20:00","date_gmt":"2023-04-24T16:20:00","guid":{"rendered":"https:\/\/podernacional.com\/?p=15109"},"modified":"2023-04-24T05:50:56","modified_gmt":"2023-04-24T05:50:56","slug":"simone-biles-y-jonathan-owens-contrajeron-nupcias","status":"publish","type":"post","link":"https:\/\/podernacional.com\/?p=15109","title":{"rendered":"Simone Biles y Jonathan Owens contrajeron nupcias"},"content":{"rendered":"<p>Simone Biles, multimedallista ol\u00edmpica, anunci\u00f3 en su twitter que contrajo matrimonio con Jonathan Owens, jugador de los Texans de la NFL.<\/p>\n<p>\u00abAcepto, oficialmente Owens\u00bb, public\u00f3 la atleta en su twitter y tambi\u00e9n cambi\u00f3 el nombre de su usuario a Simone Biles Owens.<\/p>\n<p>\u00abMi persona, por siempre\u00bb, escribi\u00f3 el jugador de futbol americano.<\/p>\n<p>Adem\u00e1s, Biles ha estado contestando preguntas de sus seguidores en instagram y ya asegur\u00f3 que habr\u00e1 una gran fiesta en unas semanas.<\/p>\n<p>Los deportistas se conocieron en marzo de 2020, y en febrero del a\u00f1o pasado anunciaron su compromiso.<\/p>\n","protected":false},"excerpt":{"rendered":"<p>Simone Biles, multimedallista ol\u00edmpica, anunci\u00f3 en su twitter que contrajo matrimonio con Jonathan Owens, jugador de los Texans de la NFL. \u00abAcepto, oficialmente Owens\u00bb, public\u00f3 la atleta en su twitter y tambi\u00e9n cambi\u00f3 el nombre de su usuario a Simone Biles Owens. \u00abMi persona, por siempre\u00bb, escribi\u00f3 el jugador de futbol americano. Adem\u00e1s, Biles ha [&hellip;]<\/p>\n","protected":false},"author":1,"featured_media":15111,"comment_status":"open","ping_status":"closed","sticky":false,"template":"","format":"standard","meta":{"footnotes":""},"categories":[3],"tags":[],"class_list":["post-15109","post","type-post","status-publish","format-standard","has-post-thumbnail","hentry","category-deportes"],"_links":{"self":[{"href":"https:\/\/podernacional.com\/index.php?rest_route=\/wp\/v2\/posts\/15109","targetHints":{"allow":["GET"]}}],"collection":[{"href":"https:\/\/podernacional.com\/index.php?rest_route=\/wp\/v2\/posts"}],"about":[{"href":"https:\/\/podernacional.com\/index.php?rest_route=\/wp\/v2\/types\/post"}],"author":[{"embeddable":true,"href":"https:\/\/podernacional.com\/index.php?rest_route=\/wp\/v2\/users\/1"}],"replies":[{"embeddable":true,"href":"https:\/\/podernacional.com\/index.php?rest_route=%2Fwp%2Fv2%2Fcomments&post=15109"}],"version-history":[{"count":1,"href":"https:\/\/podernacional.com\/index.php?rest_route=\/wp\/v2\/posts\/15109\/revisions"}],"predecessor-version":[{"id":15110,"href":"https:\/\/podernacional.com\/index.php?rest_route=\/wp\/v2\/posts\/15109\/revisions\/15110"}],"wp:featuredmedia":[{"embeddable":true,"href":"https:\/\/podernacional.com\/index.php?rest_route=\/wp\/v2\/media\/15111"}],"wp:attachment":[{"href":"https:\/\/podernacional.com\/index.php?rest_route=%2Fwp%2Fv2%2Fmedia&parent=15109"}],"wp:term":[{"taxonomy":"category","embeddable":true,"href":"https:\/\/podernacional.com\/index.php?rest_route=%2Fwp%2Fv2%2Fcategories&post=15109"},{"taxonomy":"post_tag","embeddable":true,"href":"https:\/\/podernacional.com\/index.php?rest_route=%2Fwp%2Fv2%2Ftags&post=15109"}],"curies":[{"name":"wp","href":"https:\/\/api.w.org\/{rel}","templated":true}]}}