{"id":15132,"date":"2023-04-24T18:43:45","date_gmt":"2023-04-24T23:43:45","guid":{"rendered":"https:\/\/podernacional.com\/?p=15132"},"modified":"2023-04-24T23:43:46","modified_gmt":"2023-04-24T23:43:46","slug":"trabajara-en-quintana-roo-personal-de-la-oit","status":"publish","type":"post","link":"https:\/\/podernacional.com\/?p=15132","title":{"rendered":"Trabajar\u00e1 en Quintana Roo personal de la OIT"},"content":{"rendered":"<h4>Integrantes de la Oficina de la OIT para M\u00e9xico y Cuba, por primera vez llegar\u00e1n a tres estados del sureste del pa\u00eds.<\/h4>\n<p>A finales de mayo pr\u00f3ximo, integrantes de la Oficina de la Organizaci\u00f3n Internacional del Trabajo (OIT) para M\u00e9xico y Cuba.<\/p>\n<p>Por ende,\u00a0por primera vez llegar\u00e1n a tres estados del sureste del pa\u00eds, entre ellos Quintana Roo.<\/p>\n<p>Esto\u00a0con la intenci\u00f3n de coadyuvar con las autoridades y erradicar el trabajo infantil.<\/p>\n<p>Antonio Benavides Castellanos, coordinador nacional de proyecto en la Oficina de la OIT para M\u00e9xico y Cuba.<\/p>\n<p>El cual\u00a0expres\u00f3 que esto forma parte del programa \u201cAccionar\u201d, que pretende fortalecer a los gobiernos federal, estatales y municipales.<\/p>\n<p>Esto\u00a0en el combate al trabajo infantil y trabajo forzoso con un componente sobre migraci\u00f3n laboral.<\/p>\n<p>\u201cLa idea de tener personal en el terreno ahora hablando de Quintana Roo, Yucat\u00e1n y Chiapas, es ellos puedan coordinar estas acciones a nivel estatal.<\/p>\n<p>Adem\u00e1s del personal ya est\u00e1 en proceso administrativo de contrataci\u00f3n, ya est\u00e1 seleccionado a trav\u00e9s del proceso\u201d.<\/p>\n<p>\u201cLos cuales son los que tenemos de competencias y esperamos que para finales de mayo ya est\u00e9n instalados\u201d.<\/p>\n<p>Dijo que notan una fuerte coordinaci\u00f3n entre autoridades estatales y municipales, de ah\u00ed que vendr\u00e1n a fortalecer estas acciones.<\/p>\n<p>As\u00ed como de\u00a0los protocolos que existen, as\u00ed como reforzar las Comisiones Intersecretariales para la Prevenci\u00f3n y Erradicaci\u00f3n del Trabajo Infantil (CITIs).<\/p>\n<h4>Por ello, mantienen pl\u00e1ticas con la Secretar\u00eda del Trabajo y Previsi\u00f3n Social de Quintana Roo.<\/h4>\n<p>Esto\u00a0para que les proporcionen el espacio donde estar\u00e1n laborando.<\/p>\n<p>As\u00ed como \u00a0una vez que ya entre el personal en funciones aplicar\u00e1n un an\u00e1lisis para ver c\u00f3mo se encuentran los tres estados.<\/p>\n<p>Adem\u00e1s de\u00a0definir actividades espec\u00edficas que estar\u00e1n implementando.<\/p>\n<p>\u201cEs muy dif\u00edcil comparar y medir c\u00f3mo es un estado con otro, a nivel nacional hay retos, evidentemente Quintana Roo, Yucat\u00e1n y Chiapas\u201d.<\/p>\n<p>Estos son\u00a0los tienen, pero creo que la disposici\u00f3n de los gobiernos, del sector empleador y del sector sindical.<\/p>\n<p>\u201cLos cuales\u00a0van a lograr que se implementen acciones muy concretas y encaminadas a combatir esta tem\u00e1tica\u201d.<\/p>\n<p>Incluso, adelant\u00f3 que las acciones que generen en estos tres estados del sureste las estar\u00e1n implementando en otras entidades.<\/p>\n<p>Esto\u00a0puesto que la intenci\u00f3n es que lo que se haga en esta parte del pa\u00eds se replique a nivel nacional o internacional.<\/p>\n<p>Durante la m\u00e1s reciente reuni\u00f3n de la Comisi\u00f3n Laboral de la Confederaci\u00f3n Patronal de la Rep\u00fablica Mexicana (Coparmex) Quintana Roo.<\/p>\n<p>As\u00ed como de\u00a0miembros de la Oficina de la OIT expusieron al sector empresarial las problem\u00e1ticas que tiene el trabajo infantil.<\/p>\n<h4>Adem\u00e1s de los riesgos que implica para los menores.<\/h4>\n<p>Benavides Castellanos consider\u00f3 que es importante modificar la mentalidad que tienen los adultos acerca del trabajo infantil.<\/p>\n<p>Esto al dejarlo de ver como algo cultural o tradicional.<\/p>\n<p>Esto\u00a0ya que el hecho de que sea algo que se viene haciendo por generaciones independientemente de la actividad.<\/p>\n<p>El cual\u00a0no implica que se deba de seguir replicando.<\/p>\n<p>\u201cNosotros como padres, como sociedad, como empleadores y como trabajadores tenemos la oportunidad hoy de cortar eso y hacer ese cambio\u201d.<\/p>\n<p>Jovita Portillo Navarro, presidenta de la Comisi\u00f3n Laboral de Coparmex Quintana Roo.<\/p>\n<p>El cual\u00a0consider\u00f3 importante colaborar con la OIT para generar un tr\u00edptico en lengua maya.<\/p>\n<p>As\u00ed como de\u00a0distribuirlo particularmente en el sur del estado, puesto que desde el sector empresarial.<\/p>\n<p>Esto\u00a0se tiene que colaborar para atender la problem\u00e1tica que representa el trabajo infantil.<\/p>\n","protected":false},"excerpt":{"rendered":"<p>Integrantes de la Oficina de la OIT para M\u00e9xico y Cuba, por primera vez llegar\u00e1n a tres estados del sureste del pa\u00eds. A finales de mayo pr\u00f3ximo, integrantes de la Oficina de la Organizaci\u00f3n Internacional del Trabajo (OIT) para M\u00e9xico y Cuba. Por ende,\u00a0por primera vez llegar\u00e1n a tres estados del sureste del pa\u00eds, entre [&hellip;]<\/p>\n","protected":false},"author":1,"featured_media":15134,"comment_status":"open","ping_status":"closed","sticky":false,"template":"","format":"standard","meta":{"footnotes":""},"categories":[10],"tags":[],"class_list":["post-15132","post","type-post","status-publish","format-standard","has-post-thumbnail","hentry","category-quintana-roo"],"_links":{"self":[{"href":"https:\/\/podernacional.com\/index.php?rest_route=\/wp\/v2\/posts\/15132","targetHints":{"allow":["GET"]}}],"collection":[{"href":"https:\/\/podernacional.com\/index.php?rest_route=\/wp\/v2\/posts"}],"about":[{"href":"https:\/\/podernacional.com\/index.php?rest_route=\/wp\/v2\/types\/post"}],"author":[{"embeddable":true,"href":"https:\/\/podernacional.com\/index.php?rest_route=\/wp\/v2\/users\/1"}],"replies":[{"embeddable":true,"href":"https:\/\/podernacional.com\/index.php?rest_route=%2Fwp%2Fv2%2Fcomments&post=15132"}],"version-history":[{"count":1,"href":"https:\/\/podernacional.com\/index.php?rest_route=\/wp\/v2\/posts\/15132\/revisions"}],"predecessor-version":[{"id":15133,"href":"https:\/\/podernacional.com\/index.php?rest_route=\/wp\/v2\/posts\/15132\/revisions\/15133"}],"wp:featuredmedia":[{"embeddable":true,"href":"https:\/\/podernacional.com\/index.php?rest_route=\/wp\/v2\/media\/15134"}],"wp:attachment":[{"href":"https:\/\/podernacional.com\/index.php?rest_route=%2Fwp%2Fv2%2Fmedia&parent=15132"}],"wp:term":[{"taxonomy":"category","embeddable":true,"href":"https:\/\/podernacional.com\/index.php?rest_route=%2Fwp%2Fv2%2Fcategories&post=15132"},{"taxonomy":"post_tag","embeddable":true,"href":"https:\/\/podernacional.com\/index.php?rest_route=%2Fwp%2Fv2%2Ftags&post=15132"}],"curies":[{"name":"wp","href":"https:\/\/api.w.org\/{rel}","templated":true}]}}