{"id":15135,"date":"2023-04-24T18:45:28","date_gmt":"2023-04-24T23:45:28","guid":{"rendered":"https:\/\/podernacional.com\/?p=15135"},"modified":"2023-04-24T23:45:29","modified_gmt":"2023-04-24T23:45:29","slug":"celebran-el-dia-internacional-del-libro-en-quintana-roo","status":"publish","type":"post","link":"https:\/\/podernacional.com\/?p=15135","title":{"rendered":"Celebran el D\u00eda Internacional del Libro en Quintana Roo"},"content":{"rendered":"<h4>Con el objetivo de celebrar el D\u00eda Internacional del Libro, el Instituto de la Cultura y las Artes.<\/h4>\n<p>Adem\u00e1s de que realiz\u00f3 un magno evento frente en la Megaescultura de Chetumal, que incluy\u00f3 lecturas literarias.<\/p>\n<p>As\u00ed como de\u00a0presentaciones de libros, conversatorios con el p\u00fablico y un espect\u00e1culo art\u00edstico.<\/p>\n<p>As\u00ed, en la tarde del domingo 23 de abril y en la l\u00ednea del Nuevo Acuerdo por el Bienestar y\u00a0el Desarrollo de Quintana Roo.<\/p>\n<p>Adem\u00e1s de\u00a0que impulsa la gobernadora Mara Lezama, la directora general del Instituto de la Cultura y las Artes Lilian Villanueva Chan.<\/p>\n<h4>El cual\u00a0comparti\u00f3 sus ideas con los asistentes.<\/h4>\n<p>Adem\u00e1s del conversatorio \u201cPo\u00e9ticas desde el mar\u201d, a cargo de j\u00f3venes escritores locales, fue presentada la antolog\u00eda \u201cVoces al vuelo\u201d.<\/p>\n<p>As\u00ed como de\u00a0la licenciada Villanueva hizo una entrega simb\u00f3lica de acervo a los mediadores de lectura.<\/p>\n<p>Esto\u00a0hubo un cierre art\u00edstico centrado en la danza y en la m\u00fasica.<\/p>\n<p>Entre los escritores participantes figuraron Javier Espa\u00f1a Novelo, que condujo el conversatorio; Jorge Orlando Correa; David Pimentel.<\/p>\n<p>Adem\u00e1s de que\u00a0Cristian Poot y David Ortiz, quienes, con sus intervenciones, enriquecieron las visiones sobre la literatura que se gesta en el Caribe Mexicano.<\/p>\n<p>El espect\u00e1culo incluy\u00f3 las actuaciones del \u201cBallet Folcl\u00f3rico de Quintana Roo\u201d, el \u201cGrupo Hip Hop\u201d, el grupo \u201cBallet Quinto\u201d.<\/p>\n<p>Adem\u00e1s del grupo \u201cJazz Avanzadas\u201d, el \u201cBallet Folcl\u00f3rico Nohoch Ujo\u201d, as\u00ed como la \u201cBanda de M\u00fasica del Gobierno del Estado\u201d.<\/p>\n<p>As\u00ed como\u00a0que aplaudi\u00f3 con fuerza el p\u00fablico.<\/p>\n<p>Estas actividades culturales fomentan la lectura y re\u00fane a las familias quintanarroenses para resarcir el tejido social y generar un sano esparcimiento.<\/p>\n","protected":false},"excerpt":{"rendered":"<p>Con el objetivo de celebrar el D\u00eda Internacional del Libro, el Instituto de la Cultura y las Artes. Adem\u00e1s de que realiz\u00f3 un magno evento frente en la Megaescultura de Chetumal, que incluy\u00f3 lecturas literarias. As\u00ed como de\u00a0presentaciones de libros, conversatorios con el p\u00fablico y un espect\u00e1culo art\u00edstico. As\u00ed, en la tarde del domingo 23 [&hellip;]<\/p>\n","protected":false},"author":1,"featured_media":15137,"comment_status":"open","ping_status":"closed","sticky":false,"template":"","format":"standard","meta":{"footnotes":""},"categories":[10],"tags":[],"class_list":["post-15135","post","type-post","status-publish","format-standard","has-post-thumbnail","hentry","category-quintana-roo"],"_links":{"self":[{"href":"https:\/\/podernacional.com\/index.php?rest_route=\/wp\/v2\/posts\/15135","targetHints":{"allow":["GET"]}}],"collection":[{"href":"https:\/\/podernacional.com\/index.php?rest_route=\/wp\/v2\/posts"}],"about":[{"href":"https:\/\/podernacional.com\/index.php?rest_route=\/wp\/v2\/types\/post"}],"author":[{"embeddable":true,"href":"https:\/\/podernacional.com\/index.php?rest_route=\/wp\/v2\/users\/1"}],"replies":[{"embeddable":true,"href":"https:\/\/podernacional.com\/index.php?rest_route=%2Fwp%2Fv2%2Fcomments&post=15135"}],"version-history":[{"count":1,"href":"https:\/\/podernacional.com\/index.php?rest_route=\/wp\/v2\/posts\/15135\/revisions"}],"predecessor-version":[{"id":15136,"href":"https:\/\/podernacional.com\/index.php?rest_route=\/wp\/v2\/posts\/15135\/revisions\/15136"}],"wp:featuredmedia":[{"embeddable":true,"href":"https:\/\/podernacional.com\/index.php?rest_route=\/wp\/v2\/media\/15137"}],"wp:attachment":[{"href":"https:\/\/podernacional.com\/index.php?rest_route=%2Fwp%2Fv2%2Fmedia&parent=15135"}],"wp:term":[{"taxonomy":"category","embeddable":true,"href":"https:\/\/podernacional.com\/index.php?rest_route=%2Fwp%2Fv2%2Fcategories&post=15135"},{"taxonomy":"post_tag","embeddable":true,"href":"https:\/\/podernacional.com\/index.php?rest_route=%2Fwp%2Fv2%2Ftags&post=15135"}],"curies":[{"name":"wp","href":"https:\/\/api.w.org\/{rel}","templated":true}]}}