{"id":15206,"date":"2023-04-26T18:15:55","date_gmt":"2023-04-26T23:15:55","guid":{"rendered":"https:\/\/podernacional.com\/?p=15206"},"modified":"2023-04-26T23:15:57","modified_gmt":"2023-04-26T23:15:57","slug":"festival-remind-gnp-2023-todas-las-generaciones-celebraron-los-buenos-tiempos","status":"publish","type":"post","link":"https:\/\/podernacional.com\/?p=15206","title":{"rendered":"Festival Remind GNP 2023: Todas las generaciones celebraron los &quot;buenos tiempos&quot;"},"content":{"rendered":"<h4>En su segunda edici\u00f3n, post-pandemia, el Festival Remind GNP volvi\u00f3 para reunir nuevamente a familias y amigos.<\/h4>\n<p>As\u00ed como de, quienes disfrutaron de un ambiente relajado, divertido y sobretodo con mucha m\u00fasica.<\/p>\n<p>La magia y la nostalgia de los buenos tiempos se viv\u00eda en cada rinc\u00f3n del festival. Poder llegar a los escenarios era todo un reto.<\/p>\n<p>Adem\u00e1s de que\u00a0no por una mala log\u00edstica, sino que en el camino cualquiera pod\u00eda encontrarse con juegos y actividades que eran dif\u00edciles del ignorar.<\/p>\n<p>A la entrada dos jaulas de bateo de baseball recib\u00edan y tentaban a las y los asistentes para probar sus mejores swings.<\/p>\n<p>A un costado, un \u00e1rea de juego con mesas de hockey de aire, mesas de ping pong, y las infaltables arcades o \u201cmaquinitas\u201d.<\/p>\n<h4>Esto en\u00a0donde los pap\u00e1s mostraban a sus hijos c\u00f3mo se divert\u00edan cuando eran \u201cchavos\u201d en los 80.<\/h4>\n<p>En cuesti\u00f3n de comida y antojos no hubo queja alguna, una amplia oferta gastron\u00f3mica llen\u00f3 las expectativas del p\u00fablico en general.<\/p>\n<p>A la 1:15 pm la cantante y compositora Fabiola Ruano hizo los honores al abrir el festival en el Bermuda Stage.<\/p>\n<p>As\u00ed como del escenario m\u00e1s chico y personal de los dos con los que contaba el festival. En el Vivir Es Incre\u00edble Stage.<\/p>\n<p>Adem\u00e1s ya como segundo acto, se presentaba La Gusana Ciega, una de las bandas consentidas del p\u00fablico chilango.<\/p>\n<p>Al igual que\u00a0con Daniel Guti\u00e9rrez a la cabeza. Le sigui\u00f3 el chileno Beto Cuevas, ex vocalista de La Ley.<\/p>\n<p>Adem\u00e1s de tocar sus canciones como solista sorprendi\u00f3 por tocar tambi\u00e9n algunas canciones del Invisible el disco m\u00e1s ic\u00f3nico de la banda.<\/p>\n","protected":false},"excerpt":{"rendered":"<p>En su segunda edici\u00f3n, post-pandemia, el Festival Remind GNP volvi\u00f3 para reunir nuevamente a familias y amigos. As\u00ed como de, quienes disfrutaron de un ambiente relajado, divertido y sobretodo con mucha m\u00fasica. La magia y la nostalgia de los buenos tiempos se viv\u00eda en cada rinc\u00f3n del festival. Poder llegar a los escenarios era todo [&hellip;]<\/p>\n","protected":false},"author":1,"featured_media":15208,"comment_status":"open","ping_status":"closed","sticky":false,"template":"","format":"standard","meta":{"footnotes":""},"categories":[2],"tags":[],"class_list":["post-15206","post","type-post","status-publish","format-standard","has-post-thumbnail","hentry","category-cultural"],"_links":{"self":[{"href":"https:\/\/podernacional.com\/index.php?rest_route=\/wp\/v2\/posts\/15206","targetHints":{"allow":["GET"]}}],"collection":[{"href":"https:\/\/podernacional.com\/index.php?rest_route=\/wp\/v2\/posts"}],"about":[{"href":"https:\/\/podernacional.com\/index.php?rest_route=\/wp\/v2\/types\/post"}],"author":[{"embeddable":true,"href":"https:\/\/podernacional.com\/index.php?rest_route=\/wp\/v2\/users\/1"}],"replies":[{"embeddable":true,"href":"https:\/\/podernacional.com\/index.php?rest_route=%2Fwp%2Fv2%2Fcomments&post=15206"}],"version-history":[{"count":1,"href":"https:\/\/podernacional.com\/index.php?rest_route=\/wp\/v2\/posts\/15206\/revisions"}],"predecessor-version":[{"id":15207,"href":"https:\/\/podernacional.com\/index.php?rest_route=\/wp\/v2\/posts\/15206\/revisions\/15207"}],"wp:featuredmedia":[{"embeddable":true,"href":"https:\/\/podernacional.com\/index.php?rest_route=\/wp\/v2\/media\/15208"}],"wp:attachment":[{"href":"https:\/\/podernacional.com\/index.php?rest_route=%2Fwp%2Fv2%2Fmedia&parent=15206"}],"wp:term":[{"taxonomy":"category","embeddable":true,"href":"https:\/\/podernacional.com\/index.php?rest_route=%2Fwp%2Fv2%2Fcategories&post=15206"},{"taxonomy":"post_tag","embeddable":true,"href":"https:\/\/podernacional.com\/index.php?rest_route=%2Fwp%2Fv2%2Ftags&post=15206"}],"curies":[{"name":"wp","href":"https:\/\/api.w.org\/{rel}","templated":true}]}}