{"id":15209,"date":"2023-04-26T18:20:36","date_gmt":"2023-04-26T23:20:36","guid":{"rendered":"https:\/\/podernacional.com\/?p=15209"},"modified":"2023-04-26T23:20:38","modified_gmt":"2023-04-26T23:20:38","slug":"festival-el-aleph-enfoca-sus-actividades-en-construir-una-cultura-de-la-paz","status":"publish","type":"post","link":"https:\/\/podernacional.com\/?p=15209","title":{"rendered":"Festival El Aleph enfoca sus actividades en construir una cultura de la paz"},"content":{"rendered":"<h4>El Aleph festival de arte y ciencia en su edici\u00f3n 2023 abordar\u00e1 el tema de la violencia desde la perspectiva de la:<\/h4>\n<p>F\u00edsica, la medicina, el medio ambiente, el estudio del cerebro y la conciencia<\/p>\n<p>Aleph festival de arte y ciencia en su edici\u00f3n 2023.<\/p>\n<p>Con 80 actividades acad\u00e9micas y culturales y m\u00e1s de 400 invitados nacionales e internacionales.<\/p>\n<p>As\u00ed como de\u00a0la Universidad Nacional Aut\u00f3noma de M\u00e9xico (UNAM) enfocar\u00e1 los microscopios de la pr\u00f3xima edici\u00f3n de su festival El Aleph.<\/p>\n<p>Al igual\u2015que se celebrar\u00e1 del 3 al 21 de mayo\u2015 a reflexionar, desde un enfoque cient\u00edfico y art\u00edstico.<\/p>\n<p>Esto\u00a0sobre las m\u00faltiples formas en que las distintas violencias contempor\u00e1neas nos afectan en lo individual y lo colectivo.<\/p>\n<p>As\u00ed como\u00a0para pensar as\u00ed en la posibilidad de una cultura de paz que ayude a superarlas.<\/p>\n<p>\u201cCre\u00edmos que despu\u00e9s de la pandemia habr\u00edamos aprendido mucho y que saldr\u00edamos a un mundo deaguas cristalinas.<\/p>\n<h4>Lugar en\u00a0donde todas las especies, incluida la nuestra, convivir\u00edan arm\u00f3nicamente.<\/h4>\n<p>Pero no ha sido as\u00ed, nos damos cuenta de que, adem\u00e1s de espacios, habitamos discursos que siendo de odio.<\/p>\n<p>As\u00ed como de confrontaci\u00f3n afectan nuestra vida, que es lo \u00fanico que tenemos.<\/p>\n<p>\u201cEstas conferencias y actividades est\u00e1n dedicadas a reconstruir el tejido social, para reencontrarnos en la unidad, en la concordia\u201d.<\/p>\n<p>\u201cAdem\u00e1s de que\u00a0en las distintas formas en que nosotros con nuestras mentes y nuestra imaginaci\u00f3n podemos contribuir a ello\u201d.<\/p>\n<p>El cual\u00a0explic\u00f3 la escritora Rosa Beltr\u00e1n, titular de la Coordinaci\u00f3n de Difusi\u00f3n Cultural de la UNAM (CulturaUNAM).<\/p>\n<h4>El cual\u00a0durante a la presentaci\u00f3n del festival a medios de comunicaci\u00f3n.<\/h4>\n<p>Para abordar tan complejos temas, el curador del festival, el escritor y divulgador de la ciencia Jos\u00e9 Gordon.<\/p>\n<p>Adem\u00e1s de que\u00a0explic\u00f3 que estos ser\u00e1n abordados, como ha sucedido en ediciones anteriores, desde diversos puntos de vista.<\/p>\n<p>Al igual que como la f\u00edsica, las neurociencias, la biolog\u00eda, la inteligencia artificial, as\u00ed como los l\u00edmites de la medicina y el medio ambiente.<\/p>\n<p>\u201cDe lo que trata el Aleph es de la conexi\u00f3n \u00edntima de todos los puntos de universo, esa fue la ambici\u00f3n de Borges:<\/p>\n<p>Un punto que contiene todos los puntos. Y en este marco lo que hemos intentado es entrelazar las diferentes facetas de mente, cuerpo.<\/p>\n<p>Adem\u00e1s del\u00a0medio ambiente para hablar de que, cuando se reflexiona sobre la violencia y la construcci\u00f3n de la cultura de la paz.<\/p>\n<p>\u201cAs\u00ed como que\u00a0debemos de tener una visi\u00f3n multidisciplinaria e integral\u201d, dijo el escritor.<\/p>\n","protected":false},"excerpt":{"rendered":"<p>El Aleph festival de arte y ciencia en su edici\u00f3n 2023 abordar\u00e1 el tema de la violencia desde la perspectiva de la: F\u00edsica, la medicina, el medio ambiente, el estudio del cerebro y la conciencia Aleph festival de arte y ciencia en su edici\u00f3n 2023. Con 80 actividades acad\u00e9micas y culturales y m\u00e1s de 400 [&hellip;]<\/p>\n","protected":false},"author":1,"featured_media":15211,"comment_status":"open","ping_status":"closed","sticky":false,"template":"","format":"standard","meta":{"footnotes":""},"categories":[4],"tags":[],"class_list":["post-15209","post","type-post","status-publish","format-standard","has-post-thumbnail","hentry","category-espectaculos"],"_links":{"self":[{"href":"https:\/\/podernacional.com\/index.php?rest_route=\/wp\/v2\/posts\/15209","targetHints":{"allow":["GET"]}}],"collection":[{"href":"https:\/\/podernacional.com\/index.php?rest_route=\/wp\/v2\/posts"}],"about":[{"href":"https:\/\/podernacional.com\/index.php?rest_route=\/wp\/v2\/types\/post"}],"author":[{"embeddable":true,"href":"https:\/\/podernacional.com\/index.php?rest_route=\/wp\/v2\/users\/1"}],"replies":[{"embeddable":true,"href":"https:\/\/podernacional.com\/index.php?rest_route=%2Fwp%2Fv2%2Fcomments&post=15209"}],"version-history":[{"count":1,"href":"https:\/\/podernacional.com\/index.php?rest_route=\/wp\/v2\/posts\/15209\/revisions"}],"predecessor-version":[{"id":15210,"href":"https:\/\/podernacional.com\/index.php?rest_route=\/wp\/v2\/posts\/15209\/revisions\/15210"}],"wp:featuredmedia":[{"embeddable":true,"href":"https:\/\/podernacional.com\/index.php?rest_route=\/wp\/v2\/media\/15211"}],"wp:attachment":[{"href":"https:\/\/podernacional.com\/index.php?rest_route=%2Fwp%2Fv2%2Fmedia&parent=15209"}],"wp:term":[{"taxonomy":"category","embeddable":true,"href":"https:\/\/podernacional.com\/index.php?rest_route=%2Fwp%2Fv2%2Fcategories&post=15209"},{"taxonomy":"post_tag","embeddable":true,"href":"https:\/\/podernacional.com\/index.php?rest_route=%2Fwp%2Fv2%2Ftags&post=15209"}],"curies":[{"name":"wp","href":"https:\/\/api.w.org\/{rel}","templated":true}]}}