{"id":15212,"date":"2023-04-26T18:50:43","date_gmt":"2023-04-26T23:50:43","guid":{"rendered":"https:\/\/podernacional.com\/?p=15212"},"modified":"2023-04-26T23:50:44","modified_gmt":"2023-04-26T23:50:44","slug":"anuncian-multas-para-taxistas-de-quintana-roo-con-placas-viejas","status":"publish","type":"post","link":"https:\/\/podernacional.com\/?p=15212","title":{"rendered":"Anuncian multas para taxistas de Quintana Roo con placas viejas"},"content":{"rendered":"<h4>El 1 de mayo iniciar\u00e1n los operativos para verificar a las unidades del transporte p\u00fablico.<\/h4>\n<p>El Instituto de Movilidad de Quintana Roo anunci\u00f3 que a partir del 1 de mayo comenzar\u00e1n los operativos.<\/p>\n<p>El cual es\u00a0para verificar que las unidades del transporte p\u00fablico hayan actualizado sus placas y tarjetas de circulaci\u00f3n.<\/p>\n<p>Aquellos que no hayan cumplido con ese tr\u00e1mite ser\u00e1n acreedores a sanciones econ\u00f3micas, que incluye multas de hasta 3 mil 500 pesos.<\/p>\n<p>Rodrigo Alc\u00e1zar Urrutia, titular del organismo, mencion\u00f3 que al menos la cuarta parte de alrededor de 34 mil unidades estar\u00edan en este supuesto.<\/p>\n<h4>\u201cDe hecho el mes pasado venci\u00f3 el plazo de ley para que los concesionarios realicen este tr\u00e1mite\u201d.<\/h4>\n<p>\u201cAdem\u00e1s que\u00a0pero tras llevar a cabo una reuni\u00f3n con los dirigentes sindicales se lleg\u00f3 al acuerdo de ampliarlo hasta este 30 de abril\u201d.<\/p>\n<p>\u201cAs\u00ed como\u00a0debido a que los choferes de taxi afirmaron no contar con el dinero suficiente para llevar a cabo este tr\u00e1mite\u201d.<\/p>\n<p>El funcionario dijo la intenci\u00f3n es no ser autoritarios y ser flexibles, pero ya no se puede postergar m\u00e1s la supervisi\u00f3n.<\/p>\n<p>\u201cLos prestadores del servicio de transporte p\u00fablico concesionado tienen que pagar los mil 600 pesos de su nuevos documentos\u201d.<\/p>\n<p>\u201cAdem\u00e1s\u00a0de lo contrario deber\u00e1n gastar entre mil y hasta 3 mil 500 pesos de multa, dependiendo del veh\u00edculo\u201d, cit\u00f3 el funcionario.<\/p>\n<p>Declar\u00f3 que de acuerdo con el Reglamento de Movilidad, adem\u00e1s de esta infracci\u00f3n los inspectores tambi\u00e9n podr\u00e1n detener la unidad.<\/p>\n<p>As\u00ed como de\u00a0la cual no les ser\u00e1 entregada sino hasta que regularicen su situaci\u00f3n.<\/p>\n<h4>Sentenci\u00f3 que los concesionarios no deben esperar hasta el \u00faltimo d\u00eda para cumplir con el canje de placas 2023.<\/h4>\n<p>Al igual que ya que corren el riesgo de incumplir por la aglomeraci\u00f3n de contribuyentes.<\/p>\n<p>Mencion\u00f3 que se han detectado incluso veh\u00edculos que tienen el engomado de hace seis a\u00f1os.<\/p>\n<p>Esto\u00a0por lo que adem\u00e1s deber\u00e1n pagar las multas y recargos correspondientes.<\/p>\n<p>Se estima que en el Caribe mexicano operan aproximadamente 34 mil unidades de taxi, vans y combi.<\/p>\n<p>De las cuales el 60% se encuentran ubicadas en la ciudad de Canc\u00fan.<\/p>\n","protected":false},"excerpt":{"rendered":"<p>El 1 de mayo iniciar\u00e1n los operativos para verificar a las unidades del transporte p\u00fablico. El Instituto de Movilidad de Quintana Roo anunci\u00f3 que a partir del 1 de mayo comenzar\u00e1n los operativos. El cual es\u00a0para verificar que las unidades del transporte p\u00fablico hayan actualizado sus placas y tarjetas de circulaci\u00f3n. Aquellos que no hayan [&hellip;]<\/p>\n","protected":false},"author":1,"featured_media":15214,"comment_status":"open","ping_status":"closed","sticky":false,"template":"","format":"standard","meta":{"footnotes":""},"categories":[10],"tags":[],"class_list":["post-15212","post","type-post","status-publish","format-standard","has-post-thumbnail","hentry","category-quintana-roo"],"_links":{"self":[{"href":"https:\/\/podernacional.com\/index.php?rest_route=\/wp\/v2\/posts\/15212","targetHints":{"allow":["GET"]}}],"collection":[{"href":"https:\/\/podernacional.com\/index.php?rest_route=\/wp\/v2\/posts"}],"about":[{"href":"https:\/\/podernacional.com\/index.php?rest_route=\/wp\/v2\/types\/post"}],"author":[{"embeddable":true,"href":"https:\/\/podernacional.com\/index.php?rest_route=\/wp\/v2\/users\/1"}],"replies":[{"embeddable":true,"href":"https:\/\/podernacional.com\/index.php?rest_route=%2Fwp%2Fv2%2Fcomments&post=15212"}],"version-history":[{"count":1,"href":"https:\/\/podernacional.com\/index.php?rest_route=\/wp\/v2\/posts\/15212\/revisions"}],"predecessor-version":[{"id":15213,"href":"https:\/\/podernacional.com\/index.php?rest_route=\/wp\/v2\/posts\/15212\/revisions\/15213"}],"wp:featuredmedia":[{"embeddable":true,"href":"https:\/\/podernacional.com\/index.php?rest_route=\/wp\/v2\/media\/15214"}],"wp:attachment":[{"href":"https:\/\/podernacional.com\/index.php?rest_route=%2Fwp%2Fv2%2Fmedia&parent=15212"}],"wp:term":[{"taxonomy":"category","embeddable":true,"href":"https:\/\/podernacional.com\/index.php?rest_route=%2Fwp%2Fv2%2Fcategories&post=15212"},{"taxonomy":"post_tag","embeddable":true,"href":"https:\/\/podernacional.com\/index.php?rest_route=%2Fwp%2Fv2%2Ftags&post=15212"}],"curies":[{"name":"wp","href":"https:\/\/api.w.org\/{rel}","templated":true}]}}