{"id":15215,"date":"2023-04-26T18:54:35","date_gmt":"2023-04-26T23:54:35","guid":{"rendered":"https:\/\/podernacional.com\/?p=15215"},"modified":"2023-04-26T23:54:36","modified_gmt":"2023-04-26T23:54:36","slug":"desarrollo-de-chetumal-y-sur-de-quintana-roo-una-prioridad-para-la-gobernadora-mara-lezama","status":"publish","type":"post","link":"https:\/\/podernacional.com\/?p=15215","title":{"rendered":"Desarrollo de Chetumal y sur de Quintana Roo, una prioridad para la gobernadora Mara Lezama"},"content":{"rendered":"<h4>SEDETUS encabeza sesiones del \u201cConsejo Consultivo Metropolitano\u201d y de la \u201cComisi\u00f3n de Ordenamiento Metropolitana\u201d de la Zona Metropolitana de Chetumal<\/h4>\n<p>Con el objetivo de lograr una eficaz planeaci\u00f3n metropolitana la Secretar\u00eda de Desarrollo Territorial Urbano Sustentable (SEDETUS).<\/p>\n<p>El cual\u00a0encabez\u00f3 la \u201cD\u00e9cima Sesi\u00f3n Ordinaria del Consejo Consultivo Metropolitano\u201d.<\/p>\n<p>Adem\u00e1s del\u00a0\u201cD\u00e9cimo primera Sesi\u00f3n Ordinaria de la Comisi\u00f3n de Ordenamiento Metropolitana\u201d en la capital del estado.<\/p>\n<p>\u201cEl sur de nuestro estado y Chetumal son prioridad para la gobernadora Mara Lezama\u201d.<\/p>\n<p>\u201cAs\u00ed nos lo ha transmitido a quienes colaboramos en su gobierno y nos ha instruido a trabajar en ampliar los mecanismos de redistribuci\u00f3n\u201d.<\/p>\n<p>\u201cEsto\u00a0de los beneficios, eso es la prosperidad compartida para equilibrar el desarrollo de nuestro estado\u201d.<\/p>\n<h4>El cual\u00a0expres\u00f3 el titular de la SEDETUS, Armando Lara De Nigris quien encabez\u00f3 las sesiones como presidente de dichos instrumentos colegiados.<\/h4>\n<p>Ejemplo de ello indic\u00f3 el funcionario, es la colaboraci\u00f3n que se mantiene entre los tres \u00f3rdenes de gobierno en los proyectos prioritarios.<\/p>\n<p>As\u00ed\u00a0como es el Tren Maya, que s\u00f3lo en la zona sur contar\u00e1 con dos estaciones y dos paraderos.<\/p>\n<p>Adem\u00e1s de la\u00a0Lara De Nigris agradeci\u00f3 el apoyo que ha brindado la SEDATU con su participaci\u00f3n en el Consejo Consultivo.<\/p>\n<p>As\u00ed como\u00a0en la Comisi\u00f3n de Ordenamiento.<\/p>\n<p>Por su parte, la directora de Gobernanza y Vinculaci\u00f3n Metropolitana de la Secretar\u00eda de Desarrollo Agrario, Territorial y Urbano (SEDATU).<\/p>\n<p>Adem\u00e1s de\u00a0Beatriz Corina Minguer Cestelos, dijo que trabajan conjuntamente con la Secretar\u00eda del Medio Ambiente.<\/p>\n<p>As\u00ed como de Recursos Naturales (SEMARNAT), en un programa que especifica en qu\u00e9 zonas de Quintana Roo.<\/p>\n<p>El cual\u00a0se puede realizar programas de urbanizaci\u00f3n, as\u00ed como alguna cartera metropolitana.<\/p>\n<h4>Esto con una agenda a partir de necesidades identificadas por el gobierno federal del Tren Maya.<\/h4>\n<p>Los acuerdos alcanzados en estas dos sesiones fueron: retomar las mesas de trabajo para lograr la agenda metropolitana.<\/p>\n<p>Adem\u00e1s de\u00a0enviar el reglamento de ambos instrumentos a los integrantes; y trabajar en el tema de Barrio M\u00e1gico en la ciudad Chetumal.<\/p>\n<p>Cabe mencionar que el Consejo Consultivo Metropolitano est\u00e1 integrado por un representante de la federaci\u00f3n, uno del estado.<\/p>\n<p>As\u00ed como de c\u00e1maras empresariales, colegios y universidades; la Comisi\u00f3n de Ordenamiento Metropolitano.<\/p>\n<p>El cual\u00a0la integran representantes de los gobiernos federal, estatal y municipal.<\/p>\n<p>Adem\u00e1s de quienes en conjunto se unen en pro del crecimiento ordenado de la Zona Metropolitana de Chetumal.<\/p>\n<p>Las sesiones se realizaron en el Colegio de Arquitectos de la ciudad de Chetumal.<\/p>\n<p>Esto\u00a0con la participaci\u00f3n del titular de la Unidad de Vivienda de la SEDATU, Israel Caamal Sol\u00eds; el subsecretario de Espacio P\u00fablico.<\/p>\n<p>Adem\u00e1s de la\u00a0Movilidad de la SEDETUS, Hugo S\u00e1nchez Orozco; el director general de Desarrollo Urbano, Medio Ambiente.<\/p>\n<p>As\u00ed como de la Ecolog\u00eda del Ayuntamiento Oth\u00f3n P. Blanco, Jos\u00e9 Andr\u00e9s Manzanilla Interi\u00e1n.<\/p>\n<p>As\u00ed como integrantes de la C\u00e1mara Mexicana de la Industria de la Construcci\u00f3n (CMIC) y la CANADEVI.<\/p>\n","protected":false},"excerpt":{"rendered":"<p>SEDETUS encabeza sesiones del \u201cConsejo Consultivo Metropolitano\u201d y de la \u201cComisi\u00f3n de Ordenamiento Metropolitana\u201d de la Zona Metropolitana de Chetumal Con el objetivo de lograr una eficaz planeaci\u00f3n metropolitana la Secretar\u00eda de Desarrollo Territorial Urbano Sustentable (SEDETUS). El cual\u00a0encabez\u00f3 la \u201cD\u00e9cima Sesi\u00f3n Ordinaria del Consejo Consultivo Metropolitano\u201d. Adem\u00e1s del\u00a0\u201cD\u00e9cimo primera Sesi\u00f3n Ordinaria de la Comisi\u00f3n [&hellip;]<\/p>\n","protected":false},"author":1,"featured_media":15217,"comment_status":"open","ping_status":"closed","sticky":false,"template":"","format":"standard","meta":{"footnotes":""},"categories":[10],"tags":[],"class_list":["post-15215","post","type-post","status-publish","format-standard","has-post-thumbnail","hentry","category-quintana-roo"],"_links":{"self":[{"href":"https:\/\/podernacional.com\/index.php?rest_route=\/wp\/v2\/posts\/15215","targetHints":{"allow":["GET"]}}],"collection":[{"href":"https:\/\/podernacional.com\/index.php?rest_route=\/wp\/v2\/posts"}],"about":[{"href":"https:\/\/podernacional.com\/index.php?rest_route=\/wp\/v2\/types\/post"}],"author":[{"embeddable":true,"href":"https:\/\/podernacional.com\/index.php?rest_route=\/wp\/v2\/users\/1"}],"replies":[{"embeddable":true,"href":"https:\/\/podernacional.com\/index.php?rest_route=%2Fwp%2Fv2%2Fcomments&post=15215"}],"version-history":[{"count":1,"href":"https:\/\/podernacional.com\/index.php?rest_route=\/wp\/v2\/posts\/15215\/revisions"}],"predecessor-version":[{"id":15216,"href":"https:\/\/podernacional.com\/index.php?rest_route=\/wp\/v2\/posts\/15215\/revisions\/15216"}],"wp:featuredmedia":[{"embeddable":true,"href":"https:\/\/podernacional.com\/index.php?rest_route=\/wp\/v2\/media\/15217"}],"wp:attachment":[{"href":"https:\/\/podernacional.com\/index.php?rest_route=%2Fwp%2Fv2%2Fmedia&parent=15215"}],"wp:term":[{"taxonomy":"category","embeddable":true,"href":"https:\/\/podernacional.com\/index.php?rest_route=%2Fwp%2Fv2%2Fcategories&post=15215"},{"taxonomy":"post_tag","embeddable":true,"href":"https:\/\/podernacional.com\/index.php?rest_route=%2Fwp%2Fv2%2Ftags&post=15215"}],"curies":[{"name":"wp","href":"https:\/\/api.w.org\/{rel}","templated":true}]}}