{"id":15227,"date":"2023-04-27T16:30:21","date_gmt":"2023-04-27T21:30:21","guid":{"rendered":"https:\/\/podernacional.com\/?p=15227"},"modified":"2023-04-27T21:30:22","modified_gmt":"2023-04-27T21:30:22","slug":"festival-internacional-de-cine-cientifico-ciencia-sur","status":"publish","type":"post","link":"https:\/\/podernacional.com\/?p=15227","title":{"rendered":"Festival Internacional de Cine Cient\u00edfico \u201cCiencia Sur\u201d"},"content":{"rendered":"<h4>El Ministerio de Ciencia, la Embajada de Francia y la Organizaci\u00f3n de Estados Iberoamericanos.<\/h4>\n<p>El cual\u00a0firmaron un acuerdo para la creaci\u00f3n del festival que se celebrar\u00e1 en septiembre de este a\u00f1o con el apoyo del INCAA.<\/p>\n<p>El Ministro de Ciencia, Tecnolog\u00eda e Innovaci\u00f3n, Daniel Filmus, firm\u00f3 hoy, junto a la Embajadora de Francia, Claudia Scherer-Effosse.<\/p>\n<p>As\u00ed como\u00a0al Director Nacional de la Organizaci\u00f3n de Estados Iberoamericanos (OEI), Luis Scasso.<\/p>\n<p>Adem\u00e1s de un acuerdo de colaboraci\u00f3n para la creaci\u00f3n del Festival Internacional de Cine Cient\u00edfico \u201cCiencia Sur\u201d.<\/p>\n<p>Con esto\u00a0se celebrar\u00e1 en el mes de septiembre de este a\u00f1o, con el apoyo del Instituto Nacional de Cine y Artes Audiovisuales (INCAA).<\/p>\n<p>En la apertura, Filmus agradeci\u00f3 el apoyo de la Embajada de Francia, de la OEI y del INCAA y destac\u00f3:<\/p>\n<h4>\u201cHoy concretamos esta iniciativa que es producto de todo el trabajo que venimos realizando con Francia.<\/h4>\n<p>Adem\u00e1s de\u00a0que va a posibilitar exhibir los diferentes materiales audiovisuales que produce en el Ministerio.<\/p>\n<p>Adem\u00e1s de ofrecerle a la sociedad un festival de cine cient\u00edfico de calidad internacional. Esta idea, que empez\u00f3 solo con Argentina.<\/p>\n<p>As\u00ed como\u00a0la extendimos a toda Iberoam\u00e9rica y esperamos que esta primera edici\u00f3n sea la primera de muchas\u201d.<\/p>\n<p>Por su parte, Scasso se\u00f1al\u00f3 que \u201cuno de los aspectos que colaboran en la conformaci\u00f3n de entornos que favorecen el desarrollo cient\u00edfico-tecnol\u00f3gico es la divulgaci\u00f3n.<\/p>\n<p>El cine cient\u00edfico concentra varios elementos de la divulgaci\u00f3n: el conocimiento, la promoci\u00f3n de las vacaciones.<\/p>\n<p>As\u00ed como de\u00a0la comunicaci\u00f3n audiovisual, entre otros. Desde nuestro lugar vamos a ayudar a sumar m\u00e1s pa\u00edses.<\/p>\n<p>Al igual que\u00a0al\u00a0fortalecer esta iniciativa que nos pone realmente muy contentos\u201d.<\/p>\n<h4>En su intervenci\u00f3n, la Embajadora de Francia, Scherer-Effosse.<\/h4>\n<p>El cual subray\u00f3 \u201cque los temas de este acuerdo, la ciencia y el cine, son dos aspectos muy fuertes en la cooperaci\u00f3n franco-argentina.<\/p>\n<p>En este momento que vivimos es muy necesario difundir informaciones correctas sobre ciencia.<\/p>\n<p>Adem\u00e1s de que es por eso que trabajamos conjuntamente en esta iniciativa que forma parte de la divulgaci\u00f3n cient\u00edfica.<\/p>\n<p>Estamos seguros que tendr\u00e1 un gran \u00e9xito\u201d.<\/p>\n","protected":false},"excerpt":{"rendered":"<p>El Ministerio de Ciencia, la Embajada de Francia y la Organizaci\u00f3n de Estados Iberoamericanos. El cual\u00a0firmaron un acuerdo para la creaci\u00f3n del festival que se celebrar\u00e1 en septiembre de este a\u00f1o con el apoyo del INCAA. El Ministro de Ciencia, Tecnolog\u00eda e Innovaci\u00f3n, Daniel Filmus, firm\u00f3 hoy, junto a la Embajadora de Francia, Claudia Scherer-Effosse. [&hellip;]<\/p>\n","protected":false},"author":1,"featured_media":15229,"comment_status":"open","ping_status":"closed","sticky":false,"template":"","format":"standard","meta":{"footnotes":""},"categories":[2],"tags":[],"class_list":["post-15227","post","type-post","status-publish","format-standard","has-post-thumbnail","hentry","category-cultural"],"_links":{"self":[{"href":"https:\/\/podernacional.com\/index.php?rest_route=\/wp\/v2\/posts\/15227","targetHints":{"allow":["GET"]}}],"collection":[{"href":"https:\/\/podernacional.com\/index.php?rest_route=\/wp\/v2\/posts"}],"about":[{"href":"https:\/\/podernacional.com\/index.php?rest_route=\/wp\/v2\/types\/post"}],"author":[{"embeddable":true,"href":"https:\/\/podernacional.com\/index.php?rest_route=\/wp\/v2\/users\/1"}],"replies":[{"embeddable":true,"href":"https:\/\/podernacional.com\/index.php?rest_route=%2Fwp%2Fv2%2Fcomments&post=15227"}],"version-history":[{"count":1,"href":"https:\/\/podernacional.com\/index.php?rest_route=\/wp\/v2\/posts\/15227\/revisions"}],"predecessor-version":[{"id":15228,"href":"https:\/\/podernacional.com\/index.php?rest_route=\/wp\/v2\/posts\/15227\/revisions\/15228"}],"wp:featuredmedia":[{"embeddable":true,"href":"https:\/\/podernacional.com\/index.php?rest_route=\/wp\/v2\/media\/15229"}],"wp:attachment":[{"href":"https:\/\/podernacional.com\/index.php?rest_route=%2Fwp%2Fv2%2Fmedia&parent=15227"}],"wp:term":[{"taxonomy":"category","embeddable":true,"href":"https:\/\/podernacional.com\/index.php?rest_route=%2Fwp%2Fv2%2Fcategories&post=15227"},{"taxonomy":"post_tag","embeddable":true,"href":"https:\/\/podernacional.com\/index.php?rest_route=%2Fwp%2Fv2%2Ftags&post=15227"}],"curies":[{"name":"wp","href":"https:\/\/api.w.org\/{rel}","templated":true}]}}