{"id":15230,"date":"2023-04-27T16:32:19","date_gmt":"2023-04-27T21:32:19","guid":{"rendered":"https:\/\/podernacional.com\/?p=15230"},"modified":"2023-04-27T21:32:21","modified_gmt":"2023-04-27T21:32:21","slug":"concentrico-2023-el-festival-de-arquitectura-y-diseno-de-logrono-se-inaugura-con-21-instalaciones-y-exposiciones","status":"publish","type":"post","link":"https:\/\/podernacional.com\/?p=15230","title":{"rendered":"Conc\u00e9ntrico 2023: El festival de arquitectura y dise\u00f1o de Logro\u00f1o se inaugura con 21 instalaciones y exposiciones"},"content":{"rendered":"<h4>La novena edici\u00f3n de Conc\u00e9ntrico, el festival internacional de arquitectura y dise\u00f1o de Logro\u00f1o.<\/h4>\n<p>Con esto\u00a0se ha inaugurado este 27 de abril para nuevamente fomentar el di\u00e1logo entre la ciudad, el patrimonio y la arquitectura contempor\u00e1nea.<\/p>\n<p>Hasta el 2 de mayo, los ciudadanos tendr\u00e1n la oportunidad de redescubrir su entorno urbano junto al trabajo de m\u00e1s de 60 profesionales.<\/p>\n<p>Esto con \u00a0de 15 nacionalidades diferentes que han planteado un extenso programa con 21 intervenciones, encuentros y actividades.<\/p>\n<p>Organizado por la Fundaci\u00f3n Cultural de los Arquitectos de La Rioja junto con Javier Pe\u00f1a Ib\u00e1\u00f1ez, y en colaboraci\u00f3n con el Ayuntamiento de Logro\u00f1o.<\/p>\n<p>Adem\u00e1s de que el Gobierno de La Rioja, Garnica y Bodegas LAN, Conc\u00e9ntrico cuenta con el apoyo de m\u00e1s de 30 instituciones.<\/p>\n<p>As\u00ed como de entidades y empresas locales, regionales, nacionales e internacionales. En sus ocho ediciones.<\/p>\n<h4>Esto con\u00a0m\u00e1s de 100 intervenciones urbanas de equipos de arquitectos y dise\u00f1adores nacionales e internacionales.<\/h4>\n<p>Los cuales\u00a0se reunieron experimentando sobre nuevos campos del dise\u00f1o del entorno.<\/p>\n<p>Durante esta edici\u00f3n 2023, se encuentra como escuela invitada la Escuela Superior de Dise\u00f1o de La Rioja.<\/p>\n<p>As\u00ed como\u00a0entre los equipos invitados est\u00e1n incluidos Camille Walala, conocida por sus intervenciones a gran escala.<\/p>\n<p>El cual est\u00e1\u00a0empleando el color como recurso en los espacios p\u00fablicos; el Studio Ossidiana, dirigido por Giovanni Bellotti y Alessandra Covini.<\/p>\n<p>El cual\u00a0que explora enfoques innovadores, po\u00e9ticos y sugerentes a trav\u00e9s de edificios, materiales, objetos e instalaciones.<\/p>\n<p>Adem\u00e1s de\u00a0Didier Fi\u00faza Faustino, artista-arquitecto y director del estudio M\u00e9sarchitecture.<\/p>\n<p>Esto\u00a0cuyo trabajo indaga en la relaci\u00f3n entre el cuerpo y el espacio a trav\u00e9s de instalaciones, esculturas, escenograf\u00edas, pel\u00edculas.<\/p>\n<p>Adem\u00e1s de proyectos editoriales, arquitectura temporal y obras construidas; entre tantos otros.<\/p>\n","protected":false},"excerpt":{"rendered":"<p>La novena edici\u00f3n de Conc\u00e9ntrico, el festival internacional de arquitectura y dise\u00f1o de Logro\u00f1o. Con esto\u00a0se ha inaugurado este 27 de abril para nuevamente fomentar el di\u00e1logo entre la ciudad, el patrimonio y la arquitectura contempor\u00e1nea. Hasta el 2 de mayo, los ciudadanos tendr\u00e1n la oportunidad de redescubrir su entorno urbano junto al trabajo de [&hellip;]<\/p>\n","protected":false},"author":1,"featured_media":15232,"comment_status":"open","ping_status":"closed","sticky":false,"template":"","format":"standard","meta":{"footnotes":""},"categories":[4],"tags":[],"class_list":["post-15230","post","type-post","status-publish","format-standard","has-post-thumbnail","hentry","category-espectaculos"],"_links":{"self":[{"href":"https:\/\/podernacional.com\/index.php?rest_route=\/wp\/v2\/posts\/15230","targetHints":{"allow":["GET"]}}],"collection":[{"href":"https:\/\/podernacional.com\/index.php?rest_route=\/wp\/v2\/posts"}],"about":[{"href":"https:\/\/podernacional.com\/index.php?rest_route=\/wp\/v2\/types\/post"}],"author":[{"embeddable":true,"href":"https:\/\/podernacional.com\/index.php?rest_route=\/wp\/v2\/users\/1"}],"replies":[{"embeddable":true,"href":"https:\/\/podernacional.com\/index.php?rest_route=%2Fwp%2Fv2%2Fcomments&post=15230"}],"version-history":[{"count":1,"href":"https:\/\/podernacional.com\/index.php?rest_route=\/wp\/v2\/posts\/15230\/revisions"}],"predecessor-version":[{"id":15231,"href":"https:\/\/podernacional.com\/index.php?rest_route=\/wp\/v2\/posts\/15230\/revisions\/15231"}],"wp:featuredmedia":[{"embeddable":true,"href":"https:\/\/podernacional.com\/index.php?rest_route=\/wp\/v2\/media\/15232"}],"wp:attachment":[{"href":"https:\/\/podernacional.com\/index.php?rest_route=%2Fwp%2Fv2%2Fmedia&parent=15230"}],"wp:term":[{"taxonomy":"category","embeddable":true,"href":"https:\/\/podernacional.com\/index.php?rest_route=%2Fwp%2Fv2%2Fcategories&post=15230"},{"taxonomy":"post_tag","embeddable":true,"href":"https:\/\/podernacional.com\/index.php?rest_route=%2Fwp%2Fv2%2Ftags&post=15230"}],"curies":[{"name":"wp","href":"https:\/\/api.w.org\/{rel}","templated":true}]}}