{"id":15233,"date":"2023-04-27T16:34:35","date_gmt":"2023-04-27T21:34:35","guid":{"rendered":"https:\/\/podernacional.com\/?p=15233"},"modified":"2023-04-27T21:34:37","modified_gmt":"2023-04-27T21:34:37","slug":"kiosco-digital-fin-de-semana-de-fiesta-durante-el-festival-del-libro","status":"publish","type":"post","link":"https:\/\/podernacional.com\/?p=15233","title":{"rendered":"Kiosco Digital: Fin de semana de fiesta durante el Festival del Libro"},"content":{"rendered":"<h4>Mario L\u00f3pez Capistr\u00e1n \u201cBorre\u201d izquierda, Jos\u00e9 Antonio \u201cBad\u00eda\u201d y Eduardo Espinosa \u201cLolo\u201d en el escenario de Los Angeles Times.<\/h4>\n<p>Esto\u00a0en Espa\u00f1ol durante el Festival del Libro de Los Angeles Times el s\u00e1bado.<\/p>\n<p>Ya es jueves y el cuerpo lo sabe.<\/p>\n<p>Los invito a un recorrido por las noticias m\u00e1s relevantes de la semana y les pido, como todas las semanas.<\/p>\n<p>El cual es\u00a0que compartan este Kiosco Digital con familiares y amigos.<\/p>\n<p>As\u00ed como que p\u00eddanles que se suscriban para hacer una comunidad de lectores cada vez m\u00e1s grande\u2026 ahora s\u00ed, arrancamos\u2026<\/p>\n<p>El Festival del Libro de Los Angeles Times se llev\u00f3 a cabo con un \u00e9xito espectacular.<\/p>\n<p>Decenas de miles de personas llegaron hasta las instalaciones de la Universidad del Sur de California.<\/p>\n<h4>El cual es\u00a0para disfrutar de sus autores preferidos y escuchar conferencias de los temas m\u00e1s variados.<\/h4>\n<p>En el escenario en Espa\u00f1ol despu\u00e9s de dos d\u00edas de presentaciones de lujo, conclu\u00edamos el programa con la conversaci\u00f3n del doctor Richard Hansen.<\/p>\n<p>El cual es\u00a0quien en compa\u00f1\u00eda de dos arque\u00f3logos de su equipo guatemalteco.<\/p>\n<p>Adem\u00e1s de que se presentaba a hablar del colapso de la civilizaci\u00f3n maya en la regi\u00f3n de El Mirador.<\/p>\n<p>As\u00ed como\u00a0donde desde hace m\u00e1s de 42 a\u00f1os realiza excavaciones.<\/p>\n<p>No hab\u00edan pasado ni siquiera cinco minutos de la conferencia cuando un grupo de activistas con las caras tapadas, derrib\u00f3 el sistema de sonido.<\/p>\n<p>Adem\u00e1s de que\u00a0trep\u00f3 al escenario, arrebat\u00f3 los micr\u00f3fonos y amenaz\u00f3 con golpear al conferencista.<\/p>\n<p>En la trifulca, el t\u00e9cnico de sonido fue agredido por uno de los enmascarados.<\/p>\n<h4>El evento fue suspendido por las autoridades para evitar que se desbordara la violencia.<\/h4>\n<p>Los encapuchados gritaban que Hansen era el representante del imperialismo en Guatemala.<\/p>\n<p>As\u00ed como\u00a0que quer\u00eda apropiarse del legado cultural del pueblo maya, y que ten\u00eda fuertes intereses econ\u00f3micos en la zona.<\/p>\n<p>El mensaje que Hansen vino a dar a Los \u00c1ngeles y que los encapuchados impidieron que diera es muy simple:<\/p>\n<p>\u201cLa zona de El Mirador, que incluye la reserva de la biosfera maya se encuentra amenazada por grandes intereses\u201d.<\/p>\n<p>Adem\u00e1s de\u00a0entre los que se encuentran las empresas petroleras, gaseras, narcotraficantes, taladores de maderas y cazadores furtivos, entre otros.<\/p>\n<p>Ante esas amenazas, la \u00fanica forma de preservar el important\u00edsimo legado maya es protegiendo la regi\u00f3n\u201d, me dijo Hansen.<\/p>\n<p>Esto fue\u00a0quien pregunt\u00f3 a cu\u00e1les de esos intereses sirven los encapuchados que intentaron impedir que hablara.<\/p>\n","protected":false},"excerpt":{"rendered":"<p>Mario L\u00f3pez Capistr\u00e1n \u201cBorre\u201d izquierda, Jos\u00e9 Antonio \u201cBad\u00eda\u201d y Eduardo Espinosa \u201cLolo\u201d en el escenario de Los Angeles Times. Esto\u00a0en Espa\u00f1ol durante el Festival del Libro de Los Angeles Times el s\u00e1bado. Ya es jueves y el cuerpo lo sabe. Los invito a un recorrido por las noticias m\u00e1s relevantes de la semana y les [&hellip;]<\/p>\n","protected":false},"author":1,"featured_media":15235,"comment_status":"open","ping_status":"closed","sticky":false,"template":"","format":"standard","meta":{"footnotes":""},"categories":[2],"tags":[],"class_list":["post-15233","post","type-post","status-publish","format-standard","has-post-thumbnail","hentry","category-cultural"],"_links":{"self":[{"href":"https:\/\/podernacional.com\/index.php?rest_route=\/wp\/v2\/posts\/15233","targetHints":{"allow":["GET"]}}],"collection":[{"href":"https:\/\/podernacional.com\/index.php?rest_route=\/wp\/v2\/posts"}],"about":[{"href":"https:\/\/podernacional.com\/index.php?rest_route=\/wp\/v2\/types\/post"}],"author":[{"embeddable":true,"href":"https:\/\/podernacional.com\/index.php?rest_route=\/wp\/v2\/users\/1"}],"replies":[{"embeddable":true,"href":"https:\/\/podernacional.com\/index.php?rest_route=%2Fwp%2Fv2%2Fcomments&post=15233"}],"version-history":[{"count":1,"href":"https:\/\/podernacional.com\/index.php?rest_route=\/wp\/v2\/posts\/15233\/revisions"}],"predecessor-version":[{"id":15234,"href":"https:\/\/podernacional.com\/index.php?rest_route=\/wp\/v2\/posts\/15233\/revisions\/15234"}],"wp:featuredmedia":[{"embeddable":true,"href":"https:\/\/podernacional.com\/index.php?rest_route=\/wp\/v2\/media\/15235"}],"wp:attachment":[{"href":"https:\/\/podernacional.com\/index.php?rest_route=%2Fwp%2Fv2%2Fmedia&parent=15233"}],"wp:term":[{"taxonomy":"category","embeddable":true,"href":"https:\/\/podernacional.com\/index.php?rest_route=%2Fwp%2Fv2%2Fcategories&post=15233"},{"taxonomy":"post_tag","embeddable":true,"href":"https:\/\/podernacional.com\/index.php?rest_route=%2Fwp%2Fv2%2Ftags&post=15233"}],"curies":[{"name":"wp","href":"https:\/\/api.w.org\/{rel}","templated":true}]}}