{"id":15239,"date":"2023-04-27T16:39:53","date_gmt":"2023-04-27T21:39:53","guid":{"rendered":"https:\/\/podernacional.com\/?p=15239"},"modified":"2023-04-27T21:39:55","modified_gmt":"2023-04-27T21:39:55","slug":"congreso-de-quintana-roo-aprueba-entrada-de-uber-y-didi-en-el-estado","status":"publish","type":"post","link":"https:\/\/podernacional.com\/?p=15239","title":{"rendered":"Congreso de Quintana Roo aprueba entrada de Uber y DiDi en el estado"},"content":{"rendered":"<h4>Las plataformas digitales como Uber y DiDi pagar\u00e1n impuestos por hacer viajes, indica la reforma a la Ley de Movilidad.<\/h4>\n<p>En enero, taxistas protestaron en contra de la llegada de Uber a Canc\u00fan.<\/p>\n<p>El Congreso de Quintana Roo aprob\u00f3 con 23 votos a favor la reforma a la Ley de Movilidad.<\/p>\n<p>Esto con\u00a0la cual contempla que las licencias de conducir en todas sus modalidades sean expedidas por el Gobierno del estado.<\/p>\n<p>Adem\u00e1s de la regulaci\u00f3n de plataformas digitales de transporte, como son Uber, DiDi y Cabify, entre otras.<\/p>\n<p>Los diputados aprobaron que las licencias de conducir sean expedidas por el Instituto de Movilidad.<\/p>\n<p>Aunque mientras a este organismo se le inyectan recursos para que las brinde, ser\u00e1n los ayuntamientos los que continuar\u00e1n brind\u00e1ndolas.<\/p>\n<p>Rodrigo Alc\u00e1zar Urrutia, director de Movilidad, rechaz\u00f3 que la modificaci\u00f3n a la Ley de Movilidad sea una medida con fines recaudatorios.<\/p>\n<h4>Adem\u00e1s que\u00a0sino que es un tema de seguridad y control sobre los choferes.<\/h4>\n<p>La reforma aprobada advierte un impacto presupuestal generado por su implementaci\u00f3n por 4 millones 406 mil 804 pesos.<\/p>\n<p>Esto\u00a0debido a la adecuaci\u00f3n que se le har\u00e1 al Imove Qroo.<\/p>\n<p>Mujer abandona a sus hijos en DIF de Guadalajara; familiares piden custodia de los menores<\/p>\n<p>En la adecuaci\u00f3n se menciona que las plataformas digitales pagar\u00e1n hasta el 1.5 por ciento de impuestos por viaje.<\/p>\n<p>Al igual que\u00a0de esta cantidad, el 1 por ciento ser\u00e1 destinado al Instituto de Movilidad.<\/p>\n<p>Adem\u00e1s de que\u00a0el 0.5 por ciento ser\u00e1 para el fondo de movilidad que se crear\u00e1.<\/p>\n<p>Se mencion\u00f3 que la falta de aportaci\u00f3n de dicha prestaci\u00f3n ser\u00e1 causal de revocaci\u00f3n de la autorizaci\u00f3n o permiso.<\/p>\n<h4>Esto, seg\u00fan se trate, tanto del transporte p\u00fablico o privado de pasajeros.<\/h4>\n<p>Los recursos que se tengan en el fondo ser\u00e1n para apoyar a los concesionarios y permisionarios del transporte de plataformas.<\/p>\n<p>As\u00ed como taxistas, para instalar en sus veh\u00edculos las c\u00e1maras de seguridad, botones de p\u00e1nico, dispositivos GPS,.<\/p>\n<p>Tambi\u00e9n para la instalaci\u00f3n de los tax\u00edmetros, que deber\u00e1n tener en un plazo de dos a\u00f1os.<\/p>\n<p>El decreto, luego de ser aprobado, fue enviado al ejecutivo para su publicaci\u00f3n el pr\u00f3ximo 28 de los corrientes.<\/p>\n<p>Esto con\u00a0en el Diario Oficial del Estado para su entrada en vigor.<\/p>\n","protected":false},"excerpt":{"rendered":"<p>Las plataformas digitales como Uber y DiDi pagar\u00e1n impuestos por hacer viajes, indica la reforma a la Ley de Movilidad. En enero, taxistas protestaron en contra de la llegada de Uber a Canc\u00fan. El Congreso de Quintana Roo aprob\u00f3 con 23 votos a favor la reforma a la Ley de Movilidad. Esto con\u00a0la cual contempla [&hellip;]<\/p>\n","protected":false},"author":1,"featured_media":15241,"comment_status":"open","ping_status":"closed","sticky":false,"template":"","format":"standard","meta":{"footnotes":""},"categories":[10],"tags":[],"class_list":["post-15239","post","type-post","status-publish","format-standard","has-post-thumbnail","hentry","category-quintana-roo"],"_links":{"self":[{"href":"https:\/\/podernacional.com\/index.php?rest_route=\/wp\/v2\/posts\/15239","targetHints":{"allow":["GET"]}}],"collection":[{"href":"https:\/\/podernacional.com\/index.php?rest_route=\/wp\/v2\/posts"}],"about":[{"href":"https:\/\/podernacional.com\/index.php?rest_route=\/wp\/v2\/types\/post"}],"author":[{"embeddable":true,"href":"https:\/\/podernacional.com\/index.php?rest_route=\/wp\/v2\/users\/1"}],"replies":[{"embeddable":true,"href":"https:\/\/podernacional.com\/index.php?rest_route=%2Fwp%2Fv2%2Fcomments&post=15239"}],"version-history":[{"count":1,"href":"https:\/\/podernacional.com\/index.php?rest_route=\/wp\/v2\/posts\/15239\/revisions"}],"predecessor-version":[{"id":15240,"href":"https:\/\/podernacional.com\/index.php?rest_route=\/wp\/v2\/posts\/15239\/revisions\/15240"}],"wp:featuredmedia":[{"embeddable":true,"href":"https:\/\/podernacional.com\/index.php?rest_route=\/wp\/v2\/media\/15241"}],"wp:attachment":[{"href":"https:\/\/podernacional.com\/index.php?rest_route=%2Fwp%2Fv2%2Fmedia&parent=15239"}],"wp:term":[{"taxonomy":"category","embeddable":true,"href":"https:\/\/podernacional.com\/index.php?rest_route=%2Fwp%2Fv2%2Fcategories&post=15239"},{"taxonomy":"post_tag","embeddable":true,"href":"https:\/\/podernacional.com\/index.php?rest_route=%2Fwp%2Fv2%2Ftags&post=15239"}],"curies":[{"name":"wp","href":"https:\/\/api.w.org\/{rel}","templated":true}]}}