{"id":15245,"date":"2023-04-28T15:11:34","date_gmt":"2023-04-28T20:11:34","guid":{"rendered":"https:\/\/podernacional.com\/?p=15245"},"modified":"2023-04-28T20:11:43","modified_gmt":"2023-04-28T20:11:43","slug":"disuelven-caravana-con-3500-migrantes-tras-entrega-de-visas-en-mexico","status":"publish","type":"post","link":"https:\/\/podernacional.com\/?p=15245","title":{"rendered":"Disuelven caravana con 3,500 migrantes tras entrega de visas en M\u00e9xico"},"content":{"rendered":"<h4 class=\"article-subtitle\" style=\"text-align: center;\">El propio secretario de gobernaci\u00f3n, Ad\u00e1n Augusto L\u00f3pez, asegur\u00f3 que habr\u00eda \u00abtr\u00e1nsito libre\u00bb para la caravana que parti\u00f3 con miles de migrantes de la frontera sur la semana pasada.<\/h4>\n<div class=\"article-meta\" data-component=\"articleMeta\" aria-hidden=\"true\">\n<p>El \u201cViacrucis\u201d migrante pact\u00f3 con el Instituto Nacional de Migraci\u00f3n (INM) la regularizaci\u00f3n de unos 3,500 migrantes que salieron desde Tapachula y recorrieron cerca de 37 millas hasta Villa Comaltitl\u00e1n, en el mismo estado mexicano de Chiapas.<\/p>\n<p>Con este acuerdo entre autoridades del gobierno mexicano y los migrantes se disuelve la caravana migrante que buscaban transitar hasta la Ciudad de M\u00e9xico, capital del pa\u00eds de forma irregular.<\/p>\n<p>Por la ma\u00f1ana, el propio secretario de gobernaci\u00f3n, Ad\u00e1n Augusto L\u00f3pez, asegur\u00f3 que habr\u00eda \u00abtr\u00e1nsito libre\u00bb para la caravana que parti\u00f3 con miles de migrantes de la frontera sur la semana pasada, pese a las protestas de los extranjeros.<\/p>\n<p>En una asamblea a mano alzada, desde el parque central de Villa Comaltitl\u00e1n, en Chiapas, sur de M\u00e9xico, la comunidad migrante acept\u00f3 la propuesta de recibir Visas Por Razones Humanitarias para mujeres y ni\u00f1os.<\/p>\n<p>En tanto, para hombres y mujeres solos, se acept\u00f3 el otorgamiento de las Formas Migratorias M\u00faltiples (FMM), por un lapso de 45 d\u00edas, lo que les permitir\u00e1 transitar sin problemas legales por el pa\u00eds.<\/p>\n<p>El director de Pueblos Sin Fronteras, Irineo Mujica, destac\u00f3 que con este acuerdo, lo m\u00e1s importante es que las personas van a transitar y poder llegar a su destino.<\/p>\n<p>\u201cQu\u00e9 bueno que el INM, ha decidido otorgar esos documentos, porque realmente es lo que se necesita para que deje de ser una c\u00e1rcel Tapachula\u201d, consider\u00f3.<\/p>\n<p>Por separado, el grupo Beta y los oficiales de protecci\u00f3n a la infancia (OPI), empezaron los censos en el parque central del sure\u00f1o municipio chiapaneco, mientras que habilitaron un albergue temporal en un sal\u00f3n alterno para proceder a otorgar documentos.<\/p>\n<p>\u201cEn el caso de los menores de edad y los n\u00facleos familiares, deber\u00e1n ser canalizados al DIF, a fin de que la Procuradur\u00eda de la Defensa del Menor resuelva su situaci\u00f3n. El Instituto Nacional de Migraci\u00f3n (INM), acatar\u00e1 de manera inmediata la resoluci\u00f3n\u201d.<\/p>\n<p>Las autoridades migratorias tambi\u00e9n dieron a conocer que no proporcionar\u00e1n autobuses para la movilidad de personas migrantes, aunque destacaron que podr\u00e1n desplazarse por sus propios medios y con el documento migratorio que les permite transitar por el pa\u00eds de forma legal.<\/p>\n<p>Dulce Guti\u00e9rrez, migrante hondure\u00f1a, fue la primera mujer del grupo que recibi\u00f3 sus c\u00e9dulas y pasaportes para poder registrar sus datos y comenzar con el proceso de otorgamiento de sus documentos que les permitir\u00e1 estar de forma legal en M\u00e9xico.<\/p>\n<p>\u201cA m\u00ed me pidieron el pasaporte y la partida de nacimiento de mi hijo, cu\u00e1ntas personas \u00e9ramos, y este censo es bueno para ya no seguir caminando y poder subir m\u00e1s arriba, no tenemos dinero, pero tampoco nos vamos a quedar votados\u201d, dijo.<\/p>\n<p>El migrante de Honduras, Samuel S\u00e1nchez, se\u00f1al\u00f3 que la regularizaci\u00f3n \u201ces buena, pero hay muchos que quieren seguir en caravana para ir juntos para llegar a la Ciudad de M\u00e9xico, sin riesgos y sin contratiempos\u201d.<\/p>\n<p>Este migrante centroamericano, quien se costur\u00f3 los labios en la localidad chiapaneca de Huixtla, destac\u00f3 que lo que quieren es salir de Chiapas para poder cruzar territorio mexicano y llegar a la frontera norte, para trabajar y darles un mejor futuro a su familia, por lo que todos van al norte para alcanzar el \u201csue\u00f1o americano\u201d.<\/p>\n<\/div>\n","protected":false},"excerpt":{"rendered":"<p>El propio secretario de gobernaci\u00f3n, Ad\u00e1n Augusto L\u00f3pez, asegur\u00f3 que habr\u00eda \u00abtr\u00e1nsito libre\u00bb para la caravana que parti\u00f3 con miles de migrantes de la frontera sur la semana pasada. El \u201cViacrucis\u201d migrante pact\u00f3 con el Instituto Nacional de Migraci\u00f3n (INM) la regularizaci\u00f3n de unos 3,500 migrantes que salieron desde Tapachula y recorrieron cerca de 37 [&hellip;]<\/p>\n","protected":false},"author":1,"featured_media":15247,"comment_status":"open","ping_status":"closed","sticky":false,"template":"","format":"standard","meta":{"footnotes":""},"categories":[7],"tags":[],"class_list":["post-15245","post","type-post","status-publish","format-standard","has-post-thumbnail","hentry","category-nacional"],"_links":{"self":[{"href":"https:\/\/podernacional.com\/index.php?rest_route=\/wp\/v2\/posts\/15245","targetHints":{"allow":["GET"]}}],"collection":[{"href":"https:\/\/podernacional.com\/index.php?rest_route=\/wp\/v2\/posts"}],"about":[{"href":"https:\/\/podernacional.com\/index.php?rest_route=\/wp\/v2\/types\/post"}],"author":[{"embeddable":true,"href":"https:\/\/podernacional.com\/index.php?rest_route=\/wp\/v2\/users\/1"}],"replies":[{"embeddable":true,"href":"https:\/\/podernacional.com\/index.php?rest_route=%2Fwp%2Fv2%2Fcomments&post=15245"}],"version-history":[{"count":1,"href":"https:\/\/podernacional.com\/index.php?rest_route=\/wp\/v2\/posts\/15245\/revisions"}],"predecessor-version":[{"id":15246,"href":"https:\/\/podernacional.com\/index.php?rest_route=\/wp\/v2\/posts\/15245\/revisions\/15246"}],"wp:featuredmedia":[{"embeddable":true,"href":"https:\/\/podernacional.com\/index.php?rest_route=\/wp\/v2\/media\/15247"}],"wp:attachment":[{"href":"https:\/\/podernacional.com\/index.php?rest_route=%2Fwp%2Fv2%2Fmedia&parent=15245"}],"wp:term":[{"taxonomy":"category","embeddable":true,"href":"https:\/\/podernacional.com\/index.php?rest_route=%2Fwp%2Fv2%2Fcategories&post=15245"},{"taxonomy":"post_tag","embeddable":true,"href":"https:\/\/podernacional.com\/index.php?rest_route=%2Fwp%2Fv2%2Ftags&post=15245"}],"curies":[{"name":"wp","href":"https:\/\/api.w.org\/{rel}","templated":true}]}}