{"id":15248,"date":"2023-04-28T16:35:50","date_gmt":"2023-04-28T21:35:50","guid":{"rendered":"https:\/\/podernacional.com\/?p=15248"},"modified":"2023-04-28T21:35:51","modified_gmt":"2023-04-28T21:35:51","slug":"festival-vaiven-2023-cuando-y-donde-es-cartel-precios-y-recomendaciones","status":"publish","type":"post","link":"https:\/\/podernacional.com\/?p=15248","title":{"rendered":"Festival Vaiv\u00e9n 2023: cu\u00e1ndo y d\u00f3nde es, cartel, precios y recomendaciones"},"content":{"rendered":"<h4>\u00bfYa est\u00e1s listx?<\/h4>\n<p>Estamos a pocas horas de poder disfrutar del festival Vaiv\u00e9n 2023, uno de los m\u00e1s grandes para todos los apasionados de la fiesta.<\/p>\n<p>As\u00ed como de\u00a0los dj set, el rave y todo lo que conecta con la naturaleza.<\/p>\n<p>Es por ello que te decimos todas las recomendaciones que necesitas saber para disfrutarlo al m\u00e1ximo.<\/p>\n<p>El festival Vaiv\u00e9n 2023 viene con un cartel m\u00e1s ambicioso y emocionante para que todos los asistentes.<\/p>\n<p>Adem\u00e1s de que puedan disfrutar de lo mejor de la m\u00fasica.<\/p>\n<p>Artistas y bandas como R\u00fcf\u00fcs Du Sol, Nick Warren, Tove Lo, entre otros, son los m\u00e1s esperados.<\/p>\n<p>\u00a1As\u00ed que prep\u00e1rate, ser\u00e1 una de las mejores experiencias!<\/p>\n<h4>\u00bfCu\u00e1ndo y d\u00f3nde es el Festival Vaiv\u00e9n 2023?<\/h4>\n<p>Como cada a\u00f1o, el parque bot\u00e1nico Jardines de M\u00e9xico, ubicado en Km 129 de la Autopista M\u00e9xico-Acapulco, a la altura de Tequesquitengo.<\/p>\n<p>Esto en\u00a062900 Tehuixtla, Morelos, es la locaci\u00f3n en la que podr\u00e1s vivir al m\u00e1ximo el Vaiv\u00e9n 2023. El evento inicia el 29 de abril.<\/p>\n<p>Pero si quieres llegar desde el viernes 28 de abril puedes hacerlo.<\/p>\n<p>Adem\u00e1s\u00a0ya que los organizadores han permitido que los asistentes puedan instalarse en la zona de acampar.<\/p>\n<h4>Cartel del Festival Vaiv\u00e9n 2023<\/h4>\n<p>Grandes exponentes de la m\u00fasica electr\u00f3nica, house y alternativa se dar\u00e1n cita en el festival para demostrar que siguen siendo los mejores del momento.<\/p>\n<p>Desde presencia internacional como la agrupaci\u00f3n R\u00fcf\u00fcs Du Sol, hasta talento mexicano como Miranda Santizo, Nicole Horts, Technicolor Fabrics, entre otros.<\/p>\n<p>Festival Vaivn 2023 cundo y d\u00f3nde es cartel precios y recomendaciones<\/p>\n<p>Precios de boletos del Festival Vaiv\u00e9n 2023<\/p>\n<p>Si no lograste comprar v\u00eda digital, entonces podr\u00e1s adquirir tu boleto en las taquillas de show de m\u00fasica electr\u00f3nica.<\/p>\n<p>General: $2,820.00 MXN<\/p>\n<p>Comfort pass: $3,600.00 MXN<\/p>\n<p>Citibanamex Vip: $4,500.00 MXN<\/p>\n<p>Camping Individual: $960.00 MXN (deber\u00e1s adquirir el boleto de tu preferencia, pues no incluye entrada al festival).<\/p>\n<p>Combo Camping+General: $3,660.00 MXN<\/p>\n<p>Combo Camping+Comfort: $4,440.00 MXN<\/p>\n<p>Combo Camping+Citibanamex Vip: $5,220.00 MXN<\/p>\n<p>Horarios de cada escenario del Festival Vaiv\u00e9n 2023<\/p>\n<h4>A la una de la tarde iniciar\u00e1 el festival y se vivir\u00e1 en los tres escenarios en los siguientes horarios:<\/h4>\n<p>Vaiv\u00e9n Stage<\/p>\n<p>Plano de 1:30-2:15 pm<\/p>\n<p>Miranda Santizo de 2:40-3:30 pm<\/p>\n<p>Kaia Lana de 3:55-4:50 pm<\/p>\n<ol>\n<li>Luc\u00eda de 5:20-6:30 pm<\/li>\n<\/ol>\n<p>Flight Facilities de 7:00- 8:10 pm<\/p>\n<p>Poolside de 8:55-10:05 pm<\/p>\n<p>Tove Lo de 11:00 pm-12:00 am<\/p>\n<p>R\u00fcf\u00fcs Du Sol de 1:00-2:30 am<\/p>\n<p>Bacard\u00ed Stage<\/p>\n<p>Carpa Cosmic Cave<\/p>\n<p>Bacard\u00ed Stage<\/p>\n<p>Aveparadiso de 1:10-1:50 pm<\/p>\n<p>Nicole Horts de 2:10-2:50 pm<\/p>\n<p>Technicolor Fabrics de 3:15-4:05 pm<\/p>\n<p>Porter de 4:50-5:50 pm<\/p>\n<p>Keral Dust de 6:20-7:20 pm<\/p>\n<p>Jesse Baez de 8:05-9:10 pm<\/p>\n<p>Channel Tres de 9:55-11:00 pm<\/p>\n<p>Polo &amp; Pan (DJ Set) de 11:45pm-1:00 am<\/p>\n<p>Ghetto Kids de 2:30-3:45 am<\/p>\n<p>Carpa Cosmic Cave<\/p>\n<p>Ganador Bizbat de 1:30-2:30 pm<\/p>\n<p>Brolorizo de 2:30-3:30 pm<\/p>\n<p>Pauza de 3:30-4:45 pm<\/p>\n<p>YOSOYMATT de 4:45-6:00 pm<\/p>\n<p>QRTR de 6:00-7:15 pm<\/p>\n<p>Shermanology de 7:15-8:30 pm<\/p>\n<p>Colyn de 8:30-10:00 pm<\/p>\n<p>Giol\u00ed &amp; Assia de 10:00-11:30 pm<\/p>\n<p>Ben Homer (live) de 11:30-1:00 am<\/p>\n<p>Nick Warren de 1:00-2:30 am<\/p>\n<p>Bedouin de 2:30-430 am<\/p>\n","protected":false},"excerpt":{"rendered":"<p>\u00bfYa est\u00e1s listx? Estamos a pocas horas de poder disfrutar del festival Vaiv\u00e9n 2023, uno de los m\u00e1s grandes para todos los apasionados de la fiesta. As\u00ed como de\u00a0los dj set, el rave y todo lo que conecta con la naturaleza. Es por ello que te decimos todas las recomendaciones que necesitas saber para disfrutarlo [&hellip;]<\/p>\n","protected":false},"author":1,"featured_media":15250,"comment_status":"open","ping_status":"closed","sticky":false,"template":"","format":"standard","meta":{"footnotes":""},"categories":[2],"tags":[],"class_list":["post-15248","post","type-post","status-publish","format-standard","has-post-thumbnail","hentry","category-cultural"],"_links":{"self":[{"href":"https:\/\/podernacional.com\/index.php?rest_route=\/wp\/v2\/posts\/15248","targetHints":{"allow":["GET"]}}],"collection":[{"href":"https:\/\/podernacional.com\/index.php?rest_route=\/wp\/v2\/posts"}],"about":[{"href":"https:\/\/podernacional.com\/index.php?rest_route=\/wp\/v2\/types\/post"}],"author":[{"embeddable":true,"href":"https:\/\/podernacional.com\/index.php?rest_route=\/wp\/v2\/users\/1"}],"replies":[{"embeddable":true,"href":"https:\/\/podernacional.com\/index.php?rest_route=%2Fwp%2Fv2%2Fcomments&post=15248"}],"version-history":[{"count":1,"href":"https:\/\/podernacional.com\/index.php?rest_route=\/wp\/v2\/posts\/15248\/revisions"}],"predecessor-version":[{"id":15249,"href":"https:\/\/podernacional.com\/index.php?rest_route=\/wp\/v2\/posts\/15248\/revisions\/15249"}],"wp:featuredmedia":[{"embeddable":true,"href":"https:\/\/podernacional.com\/index.php?rest_route=\/wp\/v2\/media\/15250"}],"wp:attachment":[{"href":"https:\/\/podernacional.com\/index.php?rest_route=%2Fwp%2Fv2%2Fmedia&parent=15248"}],"wp:term":[{"taxonomy":"category","embeddable":true,"href":"https:\/\/podernacional.com\/index.php?rest_route=%2Fwp%2Fv2%2Fcategories&post=15248"},{"taxonomy":"post_tag","embeddable":true,"href":"https:\/\/podernacional.com\/index.php?rest_route=%2Fwp%2Fv2%2Ftags&post=15248"}],"curies":[{"name":"wp","href":"https:\/\/api.w.org\/{rel}","templated":true}]}}