{"id":15254,"date":"2023-04-28T16:41:11","date_gmt":"2023-04-28T21:41:11","guid":{"rendered":"https:\/\/podernacional.com\/?p=15254"},"modified":"2023-04-28T21:41:12","modified_gmt":"2023-04-28T21:41:12","slug":"quintana-roo-lidera-crecimiento-economico-estatal-por-segundo-ano-al-hilo","status":"publish","type":"post","link":"https:\/\/podernacional.com\/?p=15254","title":{"rendered":"Quintana Roo lidera crecimiento econ\u00f3mico estatal por segundo a\u00f1o al hilo"},"content":{"rendered":"<h4>Durante el 2022, el estado tur\u00edstico registr\u00f3 un alza de 11.0%de su ITAEE; le sigui\u00f3 Tabasco con un aumento de 10.6%.<\/h4>\n<p>Quintana Roo lider\u00f3 durante el 2022, por segundo a\u00f1o consecutivo, el crecimiento econ\u00f3mico estatal en todo el pa\u00eds.<\/p>\n<p>El camino no fue f\u00e1cil, ya que por su vocaci\u00f3n tur\u00edstica fue una de las entidades m\u00e1s castigadas por la pandemia de Covid-19 en el 2020.<\/p>\n<p>Adem\u00e1s de que principalmente por el confinamiento total y el paro de actividades no esenciales en la contingencia sanitaria.<\/p>\n<p>Aunque tambi\u00e9n la reactivaci\u00f3n econ\u00f3mica permiti\u00f3, de forma paulatina, que el turismo fuera uno de los sectores en recuperarse en plenitud.<\/p>\n<p>De acuerdo con datos desestacionalizados del Instituto Nacional de Estad\u00edstica y Geograf\u00eda (Inegi).<\/p>\n<p>Ya que\u00a0el Indicador Trimestral de la Actividad Econ\u00f3mica Estatal (ITAEE) de Quintana Roo creci\u00f3 11.0% a tasa anual en el a\u00f1o pasado.<\/p>\n<p>El cual est\u00e1\u00a0siendo el alza m\u00e1s elevada en territorio nacional.<\/p>\n<h4>En el 2021 tambi\u00e9n Quintana Roo apareci\u00f3 en la primera posici\u00f3n, con una tasa anual de 15.5%.<\/h4>\n<p>Sin embargo, en el 2020 fue el estado con la ca\u00edda m\u00e1s pronunciada del ITAEE (23.4%) derivado de la crisis sanitaria.<\/p>\n<p>Al respecto, Sergio Le\u00f3n, presidente de Empresarios por Quintana Roo, coment\u00f3 que el primer lugar nacional se debe principalmente a la actividad tur\u00edstica.<\/p>\n<p>Esto\u00a0en la cual la entidad destaca en el pa\u00eds por su infraestructura hotelera, que alcanza las 127,00 habitaciones, y por sus bellezas naturales.<\/p>\n<p>No obstante, a\u00f1adi\u00f3 que la pandemia dej\u00f3 la ense\u00f1anza de que no se puede depender s\u00f3lo del turismo.<\/p>\n<p>Adem\u00e1s de que\u00a0pues durante la crisis sanitaria fue la entidad que m\u00e1s sufri\u00f3 por la par\u00e1lisis total de las actividades tur\u00edsticas.<\/p>\n<p>\u201cEs necesario optar por una diversificaci\u00f3n real de la econom\u00eda, aprovechando el potencial de movilizaci\u00f3n de carga\u201d.<\/p>\n<p>\u201cEl cual es el\u00a0que representa el Tren Maya y echando a andar el Parque Industrial con Recinto Fiscal Estrat\u00e9gico\u201d.<\/p>\n<p>\u201cAdem\u00e1s de\u00a0que se inici\u00f3 en la administraci\u00f3n anterior\u201d, dijo.<\/p>\n<p>El dirigente empresarial indic\u00f3 que la Iniciativa Privada ya est\u00e1 buscando generar alianzas con empresarios de Belice.<\/p>\n<p>As\u00ed como\u00a0para detonar el potencial exportador del sur de Quintana Roo, lo cual es el camino para mantener el liderazgo econ\u00f3mico del estado.<\/p>\n","protected":false},"excerpt":{"rendered":"<p>Durante el 2022, el estado tur\u00edstico registr\u00f3 un alza de 11.0%de su ITAEE; le sigui\u00f3 Tabasco con un aumento de 10.6%. Quintana Roo lider\u00f3 durante el 2022, por segundo a\u00f1o consecutivo, el crecimiento econ\u00f3mico estatal en todo el pa\u00eds. El camino no fue f\u00e1cil, ya que por su vocaci\u00f3n tur\u00edstica fue una de las entidades [&hellip;]<\/p>\n","protected":false},"author":1,"featured_media":15256,"comment_status":"open","ping_status":"closed","sticky":false,"template":"","format":"standard","meta":{"footnotes":""},"categories":[10],"tags":[],"class_list":["post-15254","post","type-post","status-publish","format-standard","has-post-thumbnail","hentry","category-quintana-roo"],"_links":{"self":[{"href":"https:\/\/podernacional.com\/index.php?rest_route=\/wp\/v2\/posts\/15254","targetHints":{"allow":["GET"]}}],"collection":[{"href":"https:\/\/podernacional.com\/index.php?rest_route=\/wp\/v2\/posts"}],"about":[{"href":"https:\/\/podernacional.com\/index.php?rest_route=\/wp\/v2\/types\/post"}],"author":[{"embeddable":true,"href":"https:\/\/podernacional.com\/index.php?rest_route=\/wp\/v2\/users\/1"}],"replies":[{"embeddable":true,"href":"https:\/\/podernacional.com\/index.php?rest_route=%2Fwp%2Fv2%2Fcomments&post=15254"}],"version-history":[{"count":1,"href":"https:\/\/podernacional.com\/index.php?rest_route=\/wp\/v2\/posts\/15254\/revisions"}],"predecessor-version":[{"id":15255,"href":"https:\/\/podernacional.com\/index.php?rest_route=\/wp\/v2\/posts\/15254\/revisions\/15255"}],"wp:featuredmedia":[{"embeddable":true,"href":"https:\/\/podernacional.com\/index.php?rest_route=\/wp\/v2\/media\/15256"}],"wp:attachment":[{"href":"https:\/\/podernacional.com\/index.php?rest_route=%2Fwp%2Fv2%2Fmedia&parent=15254"}],"wp:term":[{"taxonomy":"category","embeddable":true,"href":"https:\/\/podernacional.com\/index.php?rest_route=%2Fwp%2Fv2%2Fcategories&post=15254"},{"taxonomy":"post_tag","embeddable":true,"href":"https:\/\/podernacional.com\/index.php?rest_route=%2Fwp%2Fv2%2Ftags&post=15254"}],"curies":[{"name":"wp","href":"https:\/\/api.w.org\/{rel}","templated":true}]}}