{"id":15257,"date":"2023-04-28T16:42:51","date_gmt":"2023-04-28T21:42:51","guid":{"rendered":"https:\/\/podernacional.com\/?p=15257"},"modified":"2023-04-28T21:42:52","modified_gmt":"2023-04-28T21:42:52","slug":"emiten-la-nueva-tarjeta-electronica-de-salud-en-quintana-roo","status":"publish","type":"post","link":"https:\/\/podernacional.com\/?p=15257","title":{"rendered":"Emiten la nueva Tarjeta Electr\u00f3nica de Salud en Quintana Roo"},"content":{"rendered":"<h4>El gobierno del estado, a trav\u00e9s de la Secretar\u00eda de la Contralor\u00eda, present\u00f3 la nueva Tarjeta Electr\u00f3nica de Salud.<\/h4>\n<p>El cual es para agilizar los tr\u00e1mites de los poseedores de negocios donde se ofrecen alimentos y bebidas.<\/p>\n<p>Adem\u00e1s de que privilegia la transparencia y combate la corrupci\u00f3n.<\/p>\n<p>As\u00ed lo explic\u00f3 la gobernadora Mara Lezama Espinosa, quien presidi\u00f3 la presentaci\u00f3n de esta tarjeta ante miembros de la sociedad civil.<\/p>\n<p>Ah\u00ed, la mandataria destac\u00f3 que la nueva tarjeta forma parte del Acuerdo por el Bienestar y Desarrollo de Quintana Roo.<\/p>\n<p>As\u00ed como para lograr el bienestar social, adem\u00e1s de ser una alternativa amigable y segura para ciudadanos y empleadores.<\/p>\n<p>Tambi\u00e9n dijo que es un trabajo coordinado entre la Secretar\u00eda de la Contralor\u00eda y Secretar\u00eda de Salud para alcanzar resultados a favor de la poblaci\u00f3n.<\/p>\n<p>\u201cSeguimos sumando voluntades para tener una mayor justicia social, para combatir la corrupci\u00f3n y contin\u00fae en pro de la transparencia y rendici\u00f3n de cuentas\u201d, resalt\u00f3.<\/p>\n<h4>La tarjeta es un documento obligatorio para aquellos que trabajan en establecimientos que ofrecen alimentos y bebidas.<\/h4>\n<p>Adem\u00e1s de que tiene como objetivo prevenir la corrupci\u00f3n y garantizar la transparencia en su emisi\u00f3n.<\/p>\n<p>La versi\u00f3n digital permitir\u00e1 escanear un C\u00f3digo QR para identificar al usuario y reportar si est\u00e1 habilitado para la elaboraci\u00f3n y manejo de alimentos.<\/p>\n<p>Adem\u00e1s, notificar\u00e1 al usuario y al patr\u00f3n sobre la necesidad de actualizar la vigencia si es necesario.<\/p>\n<p>Adem\u00e1s de que\u00a0ayudar\u00e1 a evitar las pr\u00e1cticas de extorsi\u00f3n de las cuales han sido objeto due\u00f1os de establecimientos.<\/p>\n<p>Adem\u00e1s de que por personas que fingen ser funcionarios p\u00fablicos.<\/p>\n<p>La Secretar\u00eda de la Contralor\u00eda, a trav\u00e9s del N\u00facleo Digital de Gobierno (NDG), contempla el desarrollo de diferentes aplicaciones sat\u00e9lites.<\/p>\n<p>Adem\u00e1s de\u00a0que cubren \u00e1reas de oportunidad que se han detectado, como es el caso de la Tarjeta Electr\u00f3nica de Salud.<\/p>\n<p>Adem\u00e1s de que se trabaj\u00f3 en coordinaci\u00f3n con la Secretar\u00eda de Salud.<\/p>\n<p>As\u00ed como que estar\u00e1 a disposici\u00f3n de los m\u00e1s de 70 mil usuarios que se espera hagan el tr\u00e1mite este a\u00f1o.<\/p>\n","protected":false},"excerpt":{"rendered":"<p>El gobierno del estado, a trav\u00e9s de la Secretar\u00eda de la Contralor\u00eda, present\u00f3 la nueva Tarjeta Electr\u00f3nica de Salud. El cual es para agilizar los tr\u00e1mites de los poseedores de negocios donde se ofrecen alimentos y bebidas. Adem\u00e1s de que privilegia la transparencia y combate la corrupci\u00f3n. As\u00ed lo explic\u00f3 la gobernadora Mara Lezama Espinosa, [&hellip;]<\/p>\n","protected":false},"author":1,"featured_media":15259,"comment_status":"open","ping_status":"closed","sticky":false,"template":"","format":"standard","meta":{"footnotes":""},"categories":[10],"tags":[],"class_list":["post-15257","post","type-post","status-publish","format-standard","has-post-thumbnail","hentry","category-quintana-roo"],"_links":{"self":[{"href":"https:\/\/podernacional.com\/index.php?rest_route=\/wp\/v2\/posts\/15257","targetHints":{"allow":["GET"]}}],"collection":[{"href":"https:\/\/podernacional.com\/index.php?rest_route=\/wp\/v2\/posts"}],"about":[{"href":"https:\/\/podernacional.com\/index.php?rest_route=\/wp\/v2\/types\/post"}],"author":[{"embeddable":true,"href":"https:\/\/podernacional.com\/index.php?rest_route=\/wp\/v2\/users\/1"}],"replies":[{"embeddable":true,"href":"https:\/\/podernacional.com\/index.php?rest_route=%2Fwp%2Fv2%2Fcomments&post=15257"}],"version-history":[{"count":1,"href":"https:\/\/podernacional.com\/index.php?rest_route=\/wp\/v2\/posts\/15257\/revisions"}],"predecessor-version":[{"id":15258,"href":"https:\/\/podernacional.com\/index.php?rest_route=\/wp\/v2\/posts\/15257\/revisions\/15258"}],"wp:featuredmedia":[{"embeddable":true,"href":"https:\/\/podernacional.com\/index.php?rest_route=\/wp\/v2\/media\/15259"}],"wp:attachment":[{"href":"https:\/\/podernacional.com\/index.php?rest_route=%2Fwp%2Fv2%2Fmedia&parent=15257"}],"wp:term":[{"taxonomy":"category","embeddable":true,"href":"https:\/\/podernacional.com\/index.php?rest_route=%2Fwp%2Fv2%2Fcategories&post=15257"},{"taxonomy":"post_tag","embeddable":true,"href":"https:\/\/podernacional.com\/index.php?rest_route=%2Fwp%2Fv2%2Ftags&post=15257"}],"curies":[{"name":"wp","href":"https:\/\/api.w.org\/{rel}","templated":true}]}}