{"id":15260,"date":"2023-04-28T16:44:31","date_gmt":"2023-04-28T21:44:31","guid":{"rendered":"https:\/\/podernacional.com\/?p=15260"},"modified":"2023-04-28T21:44:32","modified_gmt":"2023-04-28T21:44:32","slug":"venta-de-viviendas-en-quintana-roo-va-en-picada-canadevi","status":"publish","type":"post","link":"https:\/\/podernacional.com\/?p=15260","title":{"rendered":"Venta de viviendas en Quintana Roo va &#8216;en picada&#8217;: Canadevi"},"content":{"rendered":"<h4>Anteriormente edificaban 200 viviendas al mes, pero ahora solo son 80 debido a la poca adquisici\u00f3n.<\/h4>\n<p>La construcci\u00f3n de la vivienda en Quintana Roo sigue a la baja ante la falta de potenciales compradores.<\/p>\n<p>Adem\u00e1s de\u00a0por lo que de 200 viviendas que se edificaban al mes ahora solo son 80.<\/p>\n<p>As\u00ed como sobre todo por la baja en la adquisici\u00f3n de casas de \u00a0inter\u00e9s social.<\/p>\n<p>Jes\u00fas Castillo, vicepresidente de la C\u00e1mara Nacional de la Industria de Desarrollo y Promoci\u00f3n de Vivienda (Canadevi).<\/p>\n<p>As\u00ed como que detall\u00f3 que aunque existe el inter\u00e9s por construir m\u00e1s casas, pero no se arriesgan a un sobreinventario.<\/p>\n<p>Por ende a que las ventas son muy lentas, derivado de que los trabajadores tuvieron ajustes de sueldos.<\/p>\n<h4>Adem\u00e1s de la falta de pre calificaci\u00f3n.<\/h4>\n<p>\u201cEl dinamismo de los empleadores est\u00e1 en recuperaci\u00f3n, por ello nos est\u00e1 costando trabajo colocar las viviendas de inter\u00e9s social\u201d.<\/p>\n<p>Adem\u00e1s de que\u00a0esto frena para las desarrolladoras la construcci\u00f3n sobre todo al arriesgarse a construir con precios tan elevados.<\/p>\n<p>As\u00ed como que\u00a0quede rezagado el inventario, por lo que apuestan a casas de nivel medio en adelante\u201d, explic\u00f3.<\/p>\n<p>Para este a\u00f1o se calcula que construir\u00e1n 12 mil casas en la entidad, sobre todo en la zona norte.<\/p>\n<p>Con lo que representar\u00eda una baja de 40%, respecto al ritmo de colocaci\u00f3n que se ten\u00eda en 2019.<\/p>\n<p>Sin embargo, de acuerdo con la Canadevi, las viviendas pueden alcanzar costos de por lo menos 800 mil pesos.<\/p>\n<p>Tambi\u00e9n est\u00e1 complicando su colocaci\u00f3n, sobre todo para trabajadores que acceden a una casa a trav\u00e9s de un cr\u00e9dito de los institutos.<\/p>\n<p>Agreg\u00f3 que a esto se suma a la falta de trabajadores para la construcci\u00f3n.<\/p>\n<p>Es\u00a0por ello deben priorizar en los mercados que s\u00ed tienen una mayor absorci\u00f3n.<\/p>\n<p>Esta situaci\u00f3n se agrav\u00f3 con la pandemia, aunque ya tambi\u00e9n se ten\u00eda una afectaci\u00f3n derivada de los incrementos del costo del material.<\/p>\n<p>El cual\u00a0que son de hasta 60%, lo que impide tener precios m\u00e1s accesibles para los trabajadores.<\/p>\n<p>A pesar de que hay programas para unir cr\u00e9ditos y adquirir un techo.<\/p>\n<p>Adem\u00e1s de que\u00a0la din\u00e1mica de la entidad no siempre es de familias o amigos que lleguen a vivir al destino.<\/p>\n","protected":false},"excerpt":{"rendered":"<p>Anteriormente edificaban 200 viviendas al mes, pero ahora solo son 80 debido a la poca adquisici\u00f3n. La construcci\u00f3n de la vivienda en Quintana Roo sigue a la baja ante la falta de potenciales compradores. Adem\u00e1s de\u00a0por lo que de 200 viviendas que se edificaban al mes ahora solo son 80. As\u00ed como sobre todo por [&hellip;]<\/p>\n","protected":false},"author":1,"featured_media":15262,"comment_status":"open","ping_status":"closed","sticky":false,"template":"","format":"standard","meta":{"footnotes":""},"categories":[10],"tags":[],"class_list":["post-15260","post","type-post","status-publish","format-standard","has-post-thumbnail","hentry","category-quintana-roo"],"_links":{"self":[{"href":"https:\/\/podernacional.com\/index.php?rest_route=\/wp\/v2\/posts\/15260","targetHints":{"allow":["GET"]}}],"collection":[{"href":"https:\/\/podernacional.com\/index.php?rest_route=\/wp\/v2\/posts"}],"about":[{"href":"https:\/\/podernacional.com\/index.php?rest_route=\/wp\/v2\/types\/post"}],"author":[{"embeddable":true,"href":"https:\/\/podernacional.com\/index.php?rest_route=\/wp\/v2\/users\/1"}],"replies":[{"embeddable":true,"href":"https:\/\/podernacional.com\/index.php?rest_route=%2Fwp%2Fv2%2Fcomments&post=15260"}],"version-history":[{"count":1,"href":"https:\/\/podernacional.com\/index.php?rest_route=\/wp\/v2\/posts\/15260\/revisions"}],"predecessor-version":[{"id":15261,"href":"https:\/\/podernacional.com\/index.php?rest_route=\/wp\/v2\/posts\/15260\/revisions\/15261"}],"wp:featuredmedia":[{"embeddable":true,"href":"https:\/\/podernacional.com\/index.php?rest_route=\/wp\/v2\/media\/15262"}],"wp:attachment":[{"href":"https:\/\/podernacional.com\/index.php?rest_route=%2Fwp%2Fv2%2Fmedia&parent=15260"}],"wp:term":[{"taxonomy":"category","embeddable":true,"href":"https:\/\/podernacional.com\/index.php?rest_route=%2Fwp%2Fv2%2Fcategories&post=15260"},{"taxonomy":"post_tag","embeddable":true,"href":"https:\/\/podernacional.com\/index.php?rest_route=%2Fwp%2Fv2%2Ftags&post=15260"}],"curies":[{"name":"wp","href":"https:\/\/api.w.org\/{rel}","templated":true}]}}