{"id":15305,"date":"2023-05-01T21:08:28","date_gmt":"2023-05-02T02:08:28","guid":{"rendered":"https:\/\/podernacional.com\/?p=15305"},"modified":"2023-05-02T02:08:29","modified_gmt":"2023-05-02T02:08:29","slug":"huracanes-en-quintana-roo-2023-estos-son-los-nombres-de-los-ciclones","status":"publish","type":"post","link":"https:\/\/podernacional.com\/?p=15305","title":{"rendered":"Huracanes en Quintana Roo 2023: Estos son los nombres de los ciclones"},"content":{"rendered":"<h4>La OMM revel\u00f3 la lista de nombres para posibles huracanes en el Atl\u00e1ntico, que podr\u00edan afectar Q.Roo.<\/h4>\n<p>El Hurac\u00e1n Lisa provoc\u00f3 la evacuaci\u00f3n de Mahahual y Banco Chinchorro en 2022.<\/p>\n<p>La Temporada de Huracanes 2023 en Quintana Roo iniciar\u00e1 en poco tiempo.<\/p>\n<p>Esto por lo que en la Entidad los habitantes se preparan -como cada a\u00f1o- ante la posible llegada de un cicl\u00f3n.<\/p>\n<p>Es en esta \u00e9poca en la que el Centro Nacional de Huracanes de Estados Unidos (NHC, por sus siglas en ingl\u00e9s).<\/p>\n<p>Adem\u00e1s de\u00a0Protecci\u00f3n Civil Federal y del Estado, redoblan el monitoreo.<\/p>\n<p>El Oc\u00e9ano Atl\u00e1ntico y el Pac\u00edfico presentan mayor actividad cicl\u00f3nica en este periodo anual.<\/p>\n<p>As\u00ed como\u00a0por lo que las autoridades recomiendan a la ciudadan\u00eda estar informados.<\/p>\n<p>Como cada a\u00f1o, los nombres de los posibles fen\u00f3menos meteorol\u00f3gicos que puedan surgir en ambas extensiones de agua ya fueron publicados.<\/p>\n<p>La Organizaci\u00f3n Meteorol\u00f3gica Mundial revel\u00f3 la lista de los que, de acuerdo con ella, ser\u00e1n 13 ciclones que podr\u00edan &#8216;nacer&#8217; en el Atl\u00e1ntico.<\/p>\n<p>Como se dio a conocer en el 2021, la OMM elimin\u00f3 el uso del Alfabeto Griego como nombres de huracanes.<\/p>\n<p>Como\u00a0en caso de que se acabaran los elegidos para esa temporada.<\/p>\n<h4>En su lugar, agregaron nombres adicionales, tanto para el Pac\u00edfico, como para el Oc\u00e9ano Atl\u00e1ntico y el Mar Caribe.<\/h4>\n<p>Estos son:<\/p>\n<p>Arlene<\/p>\n<p>Bret<\/p>\n<p>Cindy<\/p>\n<p>Don<\/p>\n<p>Emily<\/p>\n<p>Franklin<\/p>\n<p>Gert<\/p>\n<p>Harold<\/p>\n<p>Idalia<\/p>\n<p>Jos\u00e9<\/p>\n<p>Katia<\/p>\n<p>Lee<\/p>\n<p>Margot<\/p>\n<p>Nigel<\/p>\n<p>Ophelia (Ofelia)<\/p>\n<p>Phillippe (Felipe)<\/p>\n<p>Rina<\/p>\n<p>Sean<\/p>\n<p>Tammy<\/p>\n<p>Vince<\/p>\n<p>Whitney<\/p>\n<h4>Nombres adicionales para huracanes en el Atl\u00e1ntico<\/h4>\n<p>Estos fueron elegidos por la Organizaci\u00f3n Meteorol\u00f3gica Mundial (OMM).<\/p>\n<p>Esto\u00a0tras la eliminaci\u00f3n del Alfabeto Griego para los fen\u00f3menos &#8216;extra&#8217; de la temporada de ciclones tropicales en el Oc\u00e9ano Atl\u00e1ntico.<\/p>\n<p>Aunque no hayan previsto m\u00e1s de 13 huracanes para este 2023, el \u00f3rgano internacional dej\u00f3 preparada la lista para prevenirse.<\/p>\n<p>As\u00ed como de\u00a0no retomar lo anterior, derogado hace dos a\u00f1os.<\/p>\n<p>Adria<\/p>\n<p>Braylen<\/p>\n<p>Caridad<\/p>\n<p>Deshawn<\/p>\n<p>Emery<\/p>\n<p>Foster<\/p>\n<p>Gemma<\/p>\n<p>Heath<\/p>\n<p>Isla<\/p>\n<p>Jacobus (Jacobo)<\/p>\n<p>Kenzie<\/p>\n<p>Lucio<\/p>\n<p>Makayla<\/p>\n<p>Nolan<\/p>\n<p>Orlanda<\/p>\n<p>Pax<\/p>\n<p>Ronin<\/p>\n<p>Sophie (Sof\u00eda)<\/p>\n<p>Tayshaun<\/p>\n<p>Viviava<\/p>\n<p>Will<\/p>\n","protected":false},"excerpt":{"rendered":"<p>La OMM revel\u00f3 la lista de nombres para posibles huracanes en el Atl\u00e1ntico, que podr\u00edan afectar Q.Roo. El Hurac\u00e1n Lisa provoc\u00f3 la evacuaci\u00f3n de Mahahual y Banco Chinchorro en 2022. La Temporada de Huracanes 2023 en Quintana Roo iniciar\u00e1 en poco tiempo. Esto por lo que en la Entidad los habitantes se preparan -como cada [&hellip;]<\/p>\n","protected":false},"author":1,"featured_media":15307,"comment_status":"open","ping_status":"closed","sticky":false,"template":"","format":"standard","meta":{"footnotes":""},"categories":[10],"tags":[],"class_list":["post-15305","post","type-post","status-publish","format-standard","has-post-thumbnail","hentry","category-quintana-roo"],"_links":{"self":[{"href":"https:\/\/podernacional.com\/index.php?rest_route=\/wp\/v2\/posts\/15305","targetHints":{"allow":["GET"]}}],"collection":[{"href":"https:\/\/podernacional.com\/index.php?rest_route=\/wp\/v2\/posts"}],"about":[{"href":"https:\/\/podernacional.com\/index.php?rest_route=\/wp\/v2\/types\/post"}],"author":[{"embeddable":true,"href":"https:\/\/podernacional.com\/index.php?rest_route=\/wp\/v2\/users\/1"}],"replies":[{"embeddable":true,"href":"https:\/\/podernacional.com\/index.php?rest_route=%2Fwp%2Fv2%2Fcomments&post=15305"}],"version-history":[{"count":1,"href":"https:\/\/podernacional.com\/index.php?rest_route=\/wp\/v2\/posts\/15305\/revisions"}],"predecessor-version":[{"id":15306,"href":"https:\/\/podernacional.com\/index.php?rest_route=\/wp\/v2\/posts\/15305\/revisions\/15306"}],"wp:featuredmedia":[{"embeddable":true,"href":"https:\/\/podernacional.com\/index.php?rest_route=\/wp\/v2\/media\/15307"}],"wp:attachment":[{"href":"https:\/\/podernacional.com\/index.php?rest_route=%2Fwp%2Fv2%2Fmedia&parent=15305"}],"wp:term":[{"taxonomy":"category","embeddable":true,"href":"https:\/\/podernacional.com\/index.php?rest_route=%2Fwp%2Fv2%2Fcategories&post=15305"},{"taxonomy":"post_tag","embeddable":true,"href":"https:\/\/podernacional.com\/index.php?rest_route=%2Fwp%2Fv2%2Ftags&post=15305"}],"curies":[{"name":"wp","href":"https:\/\/api.w.org\/{rel}","templated":true}]}}