{"id":15311,"date":"2023-05-01T21:11:55","date_gmt":"2023-05-02T02:11:55","guid":{"rendered":"https:\/\/podernacional.com\/?p=15311"},"modified":"2023-05-02T02:11:56","modified_gmt":"2023-05-02T02:11:56","slug":"incrementa-ocupacion-hasta-un-80-por-fin-de-semana-largo-en-q-roo","status":"publish","type":"post","link":"https:\/\/podernacional.com\/?p=15311","title":{"rendered":"Incrementa ocupaci\u00f3n hasta un 80% por fin de semana largo en Q. Roo"},"content":{"rendered":"<h4>Este fin de semana en conmemorar el 1 de mayo, en Canc\u00fan se report\u00f3 una afluencia de 70 mil turistas<\/h4>\n<p>Las ocupaciones en la zona norte de Quintana Roo tuvieron un ligero incremento por el d\u00eda feriado que alcanz\u00f3 hasta un 80%.<\/p>\n<p>Con este porcentaje hoteleros arrancaron de manera positiva el mes de mayo que es cuando baja la llegada de visitantes.<\/p>\n<p>De acuerdo con la Asociaci\u00f3n de Hoteles de Canc\u00fan, Puerto Morelos e Isla Mujeres, la ocupaci\u00f3n sobre todo en Canc\u00fan.<\/p>\n<p>Adem\u00e1s de Isla Mujeres repunt\u00f3 con m\u00e1s de 85 mil visitantes que disfrutaron de un fin de semana largo.<\/p>\n<p>As\u00ed como con ello se logr\u00f3 rebasar el 80% que en d\u00edas anteriores se manten\u00eda por debajo de este porcentaje al ser ya una temporada baja.<\/p>\n<p>Jes\u00fas Almaguer Salazar, presidente de la AHCP, mencion\u00f3 que es necesario capitalizar los destinos.<\/p>\n<p>Adem\u00e1s de que\u00a0sobre todo en los fines de semana largo con los que se pueda incrementar unos d\u00edas la ocupaci\u00f3n.<\/p>\n<h4>Al igual que para as\u00ed seguir manteniendo el turismo de cara al verano, ya que ahora es una relativa temporada baja.<\/h4>\n<p>Pese a finalizar la temporada de invierno para algunos mercados como lo es el de Canad\u00e1 y Estados Unidos que llegan a refugiarse del fr\u00edo.<\/p>\n<p>Sin embargo, a\u00fan conf\u00edan en mantener sobre todo en mayo ocupaciones en por lo menos 75%.<\/p>\n<p>Gran afluencia de turistas en el Estado<\/p>\n<p>Para este fin de semana que se dio por el D\u00eda del Trabajo, conmemorado cada 1 de mayo.<\/p>\n<p>Adem\u00e1s de que\u00a0en el caso de Canc\u00fan se report\u00f3 una afluencia de 70 mil turistas, mientras que en Isla Mujeres casi 14 mil.<\/p>\n<p>Adem\u00e1s de\u00a0Puerto Morelos un promedio de ocho mil 800, aunque la ocupaci\u00f3n que alcanz\u00f3 fue de 66%.<\/p>\n<p>Las operaciones a\u00e9reas de acuerdo con Aeropuertos del Sureste durante estos d\u00edas fueron cercanas a 600 entre nacionales e internacionales durante este fin de semana.<\/p>\n<p>Quintana Roo registr\u00f3 una exitosa temporada de Semana Santa con cerca de 1.2 millones de visitantes.<\/p>\n<p>Con ello seguir con la buena racha de la llegada de visitantes, que sigue liderando el turismo de Estados Unidos, seguido del nacional y canadiense.<\/p>\n","protected":false},"excerpt":{"rendered":"<p>Este fin de semana en conmemorar el 1 de mayo, en Canc\u00fan se report\u00f3 una afluencia de 70 mil turistas Las ocupaciones en la zona norte de Quintana Roo tuvieron un ligero incremento por el d\u00eda feriado que alcanz\u00f3 hasta un 80%. Con este porcentaje hoteleros arrancaron de manera positiva el mes de mayo que [&hellip;]<\/p>\n","protected":false},"author":1,"featured_media":15313,"comment_status":"open","ping_status":"closed","sticky":false,"template":"","format":"standard","meta":{"footnotes":""},"categories":[10],"tags":[],"class_list":["post-15311","post","type-post","status-publish","format-standard","has-post-thumbnail","hentry","category-quintana-roo"],"_links":{"self":[{"href":"https:\/\/podernacional.com\/index.php?rest_route=\/wp\/v2\/posts\/15311","targetHints":{"allow":["GET"]}}],"collection":[{"href":"https:\/\/podernacional.com\/index.php?rest_route=\/wp\/v2\/posts"}],"about":[{"href":"https:\/\/podernacional.com\/index.php?rest_route=\/wp\/v2\/types\/post"}],"author":[{"embeddable":true,"href":"https:\/\/podernacional.com\/index.php?rest_route=\/wp\/v2\/users\/1"}],"replies":[{"embeddable":true,"href":"https:\/\/podernacional.com\/index.php?rest_route=%2Fwp%2Fv2%2Fcomments&post=15311"}],"version-history":[{"count":1,"href":"https:\/\/podernacional.com\/index.php?rest_route=\/wp\/v2\/posts\/15311\/revisions"}],"predecessor-version":[{"id":15312,"href":"https:\/\/podernacional.com\/index.php?rest_route=\/wp\/v2\/posts\/15311\/revisions\/15312"}],"wp:featuredmedia":[{"embeddable":true,"href":"https:\/\/podernacional.com\/index.php?rest_route=\/wp\/v2\/media\/15313"}],"wp:attachment":[{"href":"https:\/\/podernacional.com\/index.php?rest_route=%2Fwp%2Fv2%2Fmedia&parent=15311"}],"wp:term":[{"taxonomy":"category","embeddable":true,"href":"https:\/\/podernacional.com\/index.php?rest_route=%2Fwp%2Fv2%2Fcategories&post=15311"},{"taxonomy":"post_tag","embeddable":true,"href":"https:\/\/podernacional.com\/index.php?rest_route=%2Fwp%2Fv2%2Ftags&post=15311"}],"curies":[{"name":"wp","href":"https:\/\/api.w.org\/{rel}","templated":true}]}}