{"id":15329,"date":"2023-05-02T16:57:27","date_gmt":"2023-05-02T21:57:27","guid":{"rendered":"https:\/\/podernacional.com\/?p=15329"},"modified":"2023-05-02T21:57:28","modified_gmt":"2023-05-02T21:57:28","slug":"celebran-festival-napawika-omawitia-kuuchi-para-ninas-y-ninos-de-comunidades-indigenas-urbanas-de-la-capital","status":"publish","type":"post","link":"https:\/\/podernacional.com\/?p=15329","title":{"rendered":"Celebran Festival Napawika Omawitia Kuuchi para ni\u00f1as y ni\u00f1os de comunidades ind\u00edgenas urbanas de la capital"},"content":{"rendered":"<h4>El festejo se llev\u00f3 a cabo en el parque El Colibr\u00ed, para 1,500 ni\u00f1as y ni\u00f1os ind\u00edgenas, en el marco del D\u00eda de la Ni\u00f1ez<\/h4>\n<p>La Secretar\u00eda de Pueblos y Comunidades Ind\u00edgenas (SPyCI), llev\u00f3 a cabo el festival Napawika Omawitia Kuuchi (juntos festejando a la ni\u00f1ez).<\/p>\n<p>Esto para celebrar a los y las infantes que viven en las comunidades ind\u00edgenas urbanas de la capital.<\/p>\n<p>Con la colaboraci\u00f3n del DIF Estatal, 1,500 ni\u00f1as y ni\u00f1os de los pueblos rar\u00e1muri, mazahua, otom\u00ed y warij\u00f3.<\/p>\n<p>El cual\u00a0acudieron al Parque el Colibr\u00ed para disfrutar de los juegos mec\u00e1nicos y dem\u00e1s atractivos que ofrecen las instalaciones, as\u00ed como de otras actividades.<\/p>\n<p>Los asistentes degustaron de una amplia variedad de alimentos y bebidas brindados por la C\u00e1mara Nacional de Comercio (Canaco) Chihuahua .<\/p>\n<p>A\u00a0trav\u00e9s de sus m\u00e1s de 120 restaurantes afiliados se sum\u00f3 a esta celebraci\u00f3n.<\/p>\n<h4>En el evento se cont\u00f3 con la participaci\u00f3n del secretario de Pueblos y Comunidades Ind\u00edgenas, Enrique Rasc\u00f3n.<\/h4>\n<p>Adem\u00e1s del director del DIF Estatal, Gabriel Eguiarte Fruns y la diputada local, Isela Mart\u00ednez.<\/p>\n<p>Durante la celebraci\u00f3n se realizaron las carreras de bola y ariweta, en las que participaron ni\u00f1as, ni\u00f1os y madres de familia.<\/p>\n<p>As\u00ed como\u00a0para fortalecer y promover este tipo de competencias culturales entre las nuevas generaciones.<\/p>\n<p>Posteriormente las autoridades repartieron obsequios y convivieron con los asistentes.<\/p>\n<p>El Festival Napawika Omawitia Kuuchi es un esfuerzo que encabeza la SPyCI, para generar acciones que garanticen a las y los ni\u00f1os de pueblos.<\/p>\n<p>As\u00ed como de las\u00a0comunidades ind\u00edgenas, el acceso a actividades de esparcimiento, diversi\u00f3n y aprendizaje.<\/p>\n","protected":false},"excerpt":{"rendered":"<p>El festejo se llev\u00f3 a cabo en el parque El Colibr\u00ed, para 1,500 ni\u00f1as y ni\u00f1os ind\u00edgenas, en el marco del D\u00eda de la Ni\u00f1ez La Secretar\u00eda de Pueblos y Comunidades Ind\u00edgenas (SPyCI), llev\u00f3 a cabo el festival Napawika Omawitia Kuuchi (juntos festejando a la ni\u00f1ez). Esto para celebrar a los y las infantes que [&hellip;]<\/p>\n","protected":false},"author":1,"featured_media":15331,"comment_status":"open","ping_status":"closed","sticky":false,"template":"","format":"standard","meta":{"footnotes":""},"categories":[4],"tags":[],"class_list":["post-15329","post","type-post","status-publish","format-standard","has-post-thumbnail","hentry","category-espectaculos"],"_links":{"self":[{"href":"https:\/\/podernacional.com\/index.php?rest_route=\/wp\/v2\/posts\/15329","targetHints":{"allow":["GET"]}}],"collection":[{"href":"https:\/\/podernacional.com\/index.php?rest_route=\/wp\/v2\/posts"}],"about":[{"href":"https:\/\/podernacional.com\/index.php?rest_route=\/wp\/v2\/types\/post"}],"author":[{"embeddable":true,"href":"https:\/\/podernacional.com\/index.php?rest_route=\/wp\/v2\/users\/1"}],"replies":[{"embeddable":true,"href":"https:\/\/podernacional.com\/index.php?rest_route=%2Fwp%2Fv2%2Fcomments&post=15329"}],"version-history":[{"count":1,"href":"https:\/\/podernacional.com\/index.php?rest_route=\/wp\/v2\/posts\/15329\/revisions"}],"predecessor-version":[{"id":15330,"href":"https:\/\/podernacional.com\/index.php?rest_route=\/wp\/v2\/posts\/15329\/revisions\/15330"}],"wp:featuredmedia":[{"embeddable":true,"href":"https:\/\/podernacional.com\/index.php?rest_route=\/wp\/v2\/media\/15331"}],"wp:attachment":[{"href":"https:\/\/podernacional.com\/index.php?rest_route=%2Fwp%2Fv2%2Fmedia&parent=15329"}],"wp:term":[{"taxonomy":"category","embeddable":true,"href":"https:\/\/podernacional.com\/index.php?rest_route=%2Fwp%2Fv2%2Fcategories&post=15329"},{"taxonomy":"post_tag","embeddable":true,"href":"https:\/\/podernacional.com\/index.php?rest_route=%2Fwp%2Fv2%2Ftags&post=15329"}],"curies":[{"name":"wp","href":"https:\/\/api.w.org\/{rel}","templated":true}]}}