{"id":15332,"date":"2023-05-02T17:02:16","date_gmt":"2023-05-02T22:02:16","guid":{"rendered":"https:\/\/podernacional.com\/?p=15332"},"modified":"2023-05-02T22:02:17","modified_gmt":"2023-05-02T22:02:17","slug":"disminuye-la-deuda-de-promocion-turistica-de-quintana-roo","status":"publish","type":"post","link":"https:\/\/podernacional.com\/?p=15332","title":{"rendered":"Disminuye la deuda de promoci\u00f3n tur\u00edstica de Quintana Roo"},"content":{"rendered":"<h4>La liquidaci\u00f3n del adeudo avanzar\u00e1 lento ya que son pasivos que se tienen desde hace cuatro a\u00f1os.<\/h4>\n<p>En el primer cuatrimestre, la deuda por la promoci\u00f3n tur\u00edstica del CPTQ se ubica en 840 millones de pesos.<\/p>\n<p>As\u00ed como de\u00a0una disminuci\u00f3n de 17% respecto a la cifra que alcanz\u00f3 al cierre de 2022, complicado por los intereses acumulados.<\/p>\n<p>El compromiso es ir liquidando a los proveedores.<\/p>\n<p>Javier Aranda Pedrero, director del CPTQ, record\u00f3 que al cierre del a\u00f1o pasado, la deuda arrastrada alcanz\u00f3 el monto de mil 20 millones de pesos.<\/p>\n<p>El funcionario se\u00f1al\u00f3 que la liquidaci\u00f3n avanzar\u00e1 lento ya que son pasivos que se tienen desde hace cuatro a\u00f1os.<\/p>\n<p>Por ejemplo, el a\u00f1o pasado, el monto asignado para Servicios Generales (concepto donde se consideran los contratos para promoci\u00f3n).<\/p>\n<p>El cual\u00a0era de 677.5 millones de pesos, sin embargo, \u00fanicamente fueron entregados al Consejo 475.5 millones de pesos.<\/p>\n<h4>Adem\u00e1s del pendiente solo de ese a\u00f1o es de 202 millones de pesos.<\/h4>\n<p>\u201cEl compromiso desde la administraci\u00f3n es poder liquidar estos adeudos que fueron adquiridos en la administraci\u00f3n anterior\u201d.<\/p>\n<p>\u201cSin embargo, tendremos que ir cubri\u00e9ndose poco a poco dependemos de la disponibilidad que se tiene por parte del gobierno del estado\u201d, agreg\u00f3.<\/p>\n<p>Explic\u00f3 que esto no ha detenido la promoci\u00f3n y los proveedores siguen interesados en realizar campa\u00f1as para promover el Caribe Mexicano.<\/p>\n<p>Esto\u00a0con lo cual han logrado mantener las ocupaciones hoteleras, adem\u00e1s de que ha derivado en un incremento en las rutas a\u00e9reas.<\/p>\n<p>Con esto estando\u00a0alcanzando 130 en todos los continentes.<\/p>\n<p>La deuda del CPTQ alcanz\u00f3 una cifra elevada por los intereses con una lista de 135 proveedores para la promoci\u00f3n de los destinos de la entidad.<\/p>\n<p>Las empresas est\u00e1n siendo comprensivas con la situaci\u00f3n, ya que los recursos no bajaron desde la Secretar\u00eda de Finanzas.<\/p>\n<h4>Adem\u00e1s de la\u00a0Planeaci\u00f3n durante los \u00faltimos 4 a\u00f1os.<\/h4>\n<p>Entre algunos con los que se tienen deudas es con el equipo de f\u00fatbol de Europa, Real Club Deportivo Espanyol de Barcelona.<\/p>\n<p>Adem\u00e1s del\u00a0mismo con el que se tiene firmado un contrato hasta el fin de la temporada, que dej\u00f3 la anterior administraci\u00f3n.<\/p>\n<p>As\u00ed como que\u00a0tendr\u00e1n que analizar si contin\u00faan o no, ya que en la playera de los jugadores aparece la promoci\u00f3n.<\/p>\n","protected":false},"excerpt":{"rendered":"<p>La liquidaci\u00f3n del adeudo avanzar\u00e1 lento ya que son pasivos que se tienen desde hace cuatro a\u00f1os. En el primer cuatrimestre, la deuda por la promoci\u00f3n tur\u00edstica del CPTQ se ubica en 840 millones de pesos. As\u00ed como de\u00a0una disminuci\u00f3n de 17% respecto a la cifra que alcanz\u00f3 al cierre de 2022, complicado por los [&hellip;]<\/p>\n","protected":false},"author":1,"featured_media":15334,"comment_status":"open","ping_status":"closed","sticky":false,"template":"","format":"standard","meta":{"footnotes":""},"categories":[10],"tags":[],"class_list":["post-15332","post","type-post","status-publish","format-standard","has-post-thumbnail","hentry","category-quintana-roo"],"_links":{"self":[{"href":"https:\/\/podernacional.com\/index.php?rest_route=\/wp\/v2\/posts\/15332","targetHints":{"allow":["GET"]}}],"collection":[{"href":"https:\/\/podernacional.com\/index.php?rest_route=\/wp\/v2\/posts"}],"about":[{"href":"https:\/\/podernacional.com\/index.php?rest_route=\/wp\/v2\/types\/post"}],"author":[{"embeddable":true,"href":"https:\/\/podernacional.com\/index.php?rest_route=\/wp\/v2\/users\/1"}],"replies":[{"embeddable":true,"href":"https:\/\/podernacional.com\/index.php?rest_route=%2Fwp%2Fv2%2Fcomments&post=15332"}],"version-history":[{"count":1,"href":"https:\/\/podernacional.com\/index.php?rest_route=\/wp\/v2\/posts\/15332\/revisions"}],"predecessor-version":[{"id":15333,"href":"https:\/\/podernacional.com\/index.php?rest_route=\/wp\/v2\/posts\/15332\/revisions\/15333"}],"wp:featuredmedia":[{"embeddable":true,"href":"https:\/\/podernacional.com\/index.php?rest_route=\/wp\/v2\/media\/15334"}],"wp:attachment":[{"href":"https:\/\/podernacional.com\/index.php?rest_route=%2Fwp%2Fv2%2Fmedia&parent=15332"}],"wp:term":[{"taxonomy":"category","embeddable":true,"href":"https:\/\/podernacional.com\/index.php?rest_route=%2Fwp%2Fv2%2Fcategories&post=15332"},{"taxonomy":"post_tag","embeddable":true,"href":"https:\/\/podernacional.com\/index.php?rest_route=%2Fwp%2Fv2%2Ftags&post=15332"}],"curies":[{"name":"wp","href":"https:\/\/api.w.org\/{rel}","templated":true}]}}