{"id":15335,"date":"2023-05-02T17:03:53","date_gmt":"2023-05-02T22:03:53","guid":{"rendered":"https:\/\/podernacional.com\/?p=15335"},"modified":"2023-05-02T22:03:54","modified_gmt":"2023-05-02T22:03:54","slug":"en-qroo-se-suman-450-sindicatos-al-nuevo-acuerdo-por-el-bienestar-local","status":"publish","type":"post","link":"https:\/\/podernacional.com\/?p=15335","title":{"rendered":"En QRoo se suman 450 sindicatos al Nuevo Acuerdo por el Bienestar local"},"content":{"rendered":"<h4>Mara Lezama celebr\u00f3 el D\u00eda del Trabajo con un evento abierto y sin protocolos<\/h4>\n<p>Durante la conmemoraci\u00f3n del D\u00eda Internacional del Trabajo, la gobernadora Mara Lezama Espinosa sum\u00f3 a los sindicatos.<\/p>\n<p>As\u00ed como de las\u00a0c\u00e1maras empresariales al Nuevo Acuerdo por el Bienestar y Desarrollo de Quintana Roo.<\/p>\n<p>Adem\u00e1s que es\u00a0como un compromiso de trabajar unidos en un objetivo en com\u00fan que es alcanzar el estado de bienestar.<\/p>\n<p>Esto\u00a0para las familias de las y los trabajadores.<\/p>\n<p>La gobernadora celebr\u00f3 el D\u00eda del Trabajo con un evento abierto, sin protocolos y fiel a su compromiso de acabar con la arrogancia del poder.<\/p>\n<p>Salud\u00f3 de mano, mirando a los ojos, a las y los trabajadores quintanarroenses.<\/p>\n<p>\u201cEl reto es que juntos, todos los sectores, hagamos realidad la prosperidad compartida, mediante una mejor distribuci\u00f3n de la riqueza\u201d.<\/p>\n<h4>\u201cAs\u00ed como mejores condiciones laborales y econ\u00f3micas en cada rinc\u00f3n de nuestra tierra\u201d, dijo.<\/h4>\n<p>Destac\u00f3 que el Nuevo Acuerdo tiene como ra\u00edz conceptual sumar esfuerzos, resolver diferencias -cuando las hay- privilegiando el Estado de Derecho.<\/p>\n<p>As\u00ed como de\u00a0la Justicia Social, y poniendo a la gente en el centro de las decisiones.<\/p>\n<p>\u201cCreo que vamos por un buen camino, creo que el di\u00e1logo, la paz y los acuerdos son el camino correcto\u201d.<\/p>\n<p>El cual\u00a0precis\u00f3 la gobernadora durante un evento que se realiz\u00f3 en el domo del parque H\u00e1bitat 1, de Chetumal.<\/p>\n<p>As\u00ed como\u00a0con la presencia de representantes de 450 sindicatos, de 55 c\u00e1maras empresariales, as\u00ed como de los tres poderes del estado.<\/p>\n<p>La secretaria del Trabajo y Previsi\u00f3n Social, Flor Ruiz Cosio, inform\u00f3 que en Quintana Roo m\u00e1s de 490 mil 180 trabajadores.<\/p>\n<p>Los cuales est\u00e1n afiliados al Instituto Mexicano del Seguro Social (IMSS), tutelados con una Ley Federal del Trabajo actualizada y reformada.<\/p>\n<p>Mara Lezama estuvo acompa\u00f1ada de Andrea Fuentes Rosel, trabajadora de base adscrita a la Secretar\u00eda del Trabajo.<\/p>\n<p>Adem\u00e1s de la previsi\u00f3n Social de Quintana Roo, con m\u00e1s de 35 a\u00f1os de servicio, y de Miguel Arc\u00e1ngel Caamal y P\u00e9rez.<\/p>\n<p>As\u00ed como del\u00a0trabajador adscrito a la Secretar\u00eda de Finanzas y Planeaci\u00f3n con m\u00e1s de 45 a\u00f1os de servicio activo en el gobierno del estado.<\/p>\n","protected":false},"excerpt":{"rendered":"<p>Mara Lezama celebr\u00f3 el D\u00eda del Trabajo con un evento abierto y sin protocolos Durante la conmemoraci\u00f3n del D\u00eda Internacional del Trabajo, la gobernadora Mara Lezama Espinosa sum\u00f3 a los sindicatos. As\u00ed como de las\u00a0c\u00e1maras empresariales al Nuevo Acuerdo por el Bienestar y Desarrollo de Quintana Roo. Adem\u00e1s que es\u00a0como un compromiso de trabajar unidos [&hellip;]<\/p>\n","protected":false},"author":1,"featured_media":15337,"comment_status":"open","ping_status":"closed","sticky":false,"template":"","format":"standard","meta":{"footnotes":""},"categories":[10],"tags":[],"class_list":["post-15335","post","type-post","status-publish","format-standard","has-post-thumbnail","hentry","category-quintana-roo"],"_links":{"self":[{"href":"https:\/\/podernacional.com\/index.php?rest_route=\/wp\/v2\/posts\/15335","targetHints":{"allow":["GET"]}}],"collection":[{"href":"https:\/\/podernacional.com\/index.php?rest_route=\/wp\/v2\/posts"}],"about":[{"href":"https:\/\/podernacional.com\/index.php?rest_route=\/wp\/v2\/types\/post"}],"author":[{"embeddable":true,"href":"https:\/\/podernacional.com\/index.php?rest_route=\/wp\/v2\/users\/1"}],"replies":[{"embeddable":true,"href":"https:\/\/podernacional.com\/index.php?rest_route=%2Fwp%2Fv2%2Fcomments&post=15335"}],"version-history":[{"count":1,"href":"https:\/\/podernacional.com\/index.php?rest_route=\/wp\/v2\/posts\/15335\/revisions"}],"predecessor-version":[{"id":15336,"href":"https:\/\/podernacional.com\/index.php?rest_route=\/wp\/v2\/posts\/15335\/revisions\/15336"}],"wp:featuredmedia":[{"embeddable":true,"href":"https:\/\/podernacional.com\/index.php?rest_route=\/wp\/v2\/media\/15337"}],"wp:attachment":[{"href":"https:\/\/podernacional.com\/index.php?rest_route=%2Fwp%2Fv2%2Fmedia&parent=15335"}],"wp:term":[{"taxonomy":"category","embeddable":true,"href":"https:\/\/podernacional.com\/index.php?rest_route=%2Fwp%2Fv2%2Fcategories&post=15335"},{"taxonomy":"post_tag","embeddable":true,"href":"https:\/\/podernacional.com\/index.php?rest_route=%2Fwp%2Fv2%2Ftags&post=15335"}],"curies":[{"name":"wp","href":"https:\/\/api.w.org\/{rel}","templated":true}]}}