{"id":15362,"date":"2023-05-03T17:30:29","date_gmt":"2023-05-03T22:30:29","guid":{"rendered":"https:\/\/podernacional.com\/?p=15362"},"modified":"2023-05-03T22:30:31","modified_gmt":"2023-05-03T22:30:31","slug":"quintana-roo-cerro-la-ultima-semana-de-abril-con-una-ocupacion-hotelera-promedio-de-76-6","status":"publish","type":"post","link":"https:\/\/podernacional.com\/?p=15362","title":{"rendered":"Quintana Roo cerr\u00f3 la \u00faltima semana de abril con una ocupaci\u00f3n hotelera promedio de 76.6%."},"content":{"rendered":"<h4>As\u00ed como dey una afluencia de 468,523 turistas, manteniendo a los destinos tur\u00edsticos como preferidos por turistas nacionales e internacionales.<\/h4>\n<p>Esto\u00a0de acuerdo con datos de la Secretar\u00eda de Turismo estatal (Sedetur).<\/p>\n<p>Como resultado del modelo tur\u00edstico implementado por la gobernadora Mara Lezama Espinosa.<\/p>\n<p>As\u00ed como con base en el Nuevo Acuerdo por el Bienestar y Desarrollo de Quintana Roo.<\/p>\n<p>Adem\u00e1s de que\u00a0\u201cse busca que la prosperidad llegue a todos los rincones del estado\u201d.<\/p>\n<p>La Riviera Maya fue el polo tur\u00edstico con mayor ocupaci\u00f3n hotelera con 80%, seguido de Costa Mujeres con 78.9%..<\/p>\n<h4>Adem\u00e1s de Canc\u00fan con 77.6% y Tulum con 73.6 por ciento.<\/h4>\n<p>Los aeropuertos de Chetumal, Cozumel y Canc\u00fan reportaron una importante cantidad de llegadas y salidas.<\/p>\n<p>De las 2,017 llegadas, 1,269 fueron internacionales y 748 nacionales, mientras que de las 1,996 salidas, 748 fueron nacionales y 1,248 internacionales.<\/p>\n<p>El Aeropuerto Internacional de Canc\u00fan fue el que registr\u00f3 mayor actividad, con 1,239 llegadas internacionales y 716 nacionales.<\/p>\n<p>La mayor\u00eda de los turistas provinieron de M\u00e9xico y Estados Unidos, seguidos por:<\/p>\n<p>Canad\u00e1, Francia, Reino Unido, Colombia, Argentina, Alemania, Espa\u00f1a y Brasil, entre otros pa\u00edses.<\/p>\n<p>\u201cLa conectividad a\u00e9rea del Caribe mexicano es extensa, con vuelos desde y hacia los principales pa\u00edses de Norteam\u00e9rica, Latinoam\u00e9rica y Europa\u201d.<\/p>\n<p>\u201cAs\u00ed como de\u00a0servicios de 57 aerol\u00edneas comerciales. Quintana Roo tiene conexi\u00f3n con 23 ciudades mexicanas\u201d.<\/p>\n<p>\u201cAdem\u00e1s de\u00a040 de Estados Unidos y 20 de Canad\u00e1, 21 de centro, Caribe y Sudam\u00e9rica y 20 de Europa\u201d, enfatiza Sedetur.<\/p>\n","protected":false},"excerpt":{"rendered":"<p>As\u00ed como dey una afluencia de 468,523 turistas, manteniendo a los destinos tur\u00edsticos como preferidos por turistas nacionales e internacionales. Esto\u00a0de acuerdo con datos de la Secretar\u00eda de Turismo estatal (Sedetur). Como resultado del modelo tur\u00edstico implementado por la gobernadora Mara Lezama Espinosa. As\u00ed como con base en el Nuevo Acuerdo por el Bienestar y [&hellip;]<\/p>\n","protected":false},"author":1,"featured_media":15364,"comment_status":"open","ping_status":"closed","sticky":false,"template":"","format":"standard","meta":{"footnotes":""},"categories":[10],"tags":[],"class_list":["post-15362","post","type-post","status-publish","format-standard","has-post-thumbnail","hentry","category-quintana-roo"],"_links":{"self":[{"href":"https:\/\/podernacional.com\/index.php?rest_route=\/wp\/v2\/posts\/15362","targetHints":{"allow":["GET"]}}],"collection":[{"href":"https:\/\/podernacional.com\/index.php?rest_route=\/wp\/v2\/posts"}],"about":[{"href":"https:\/\/podernacional.com\/index.php?rest_route=\/wp\/v2\/types\/post"}],"author":[{"embeddable":true,"href":"https:\/\/podernacional.com\/index.php?rest_route=\/wp\/v2\/users\/1"}],"replies":[{"embeddable":true,"href":"https:\/\/podernacional.com\/index.php?rest_route=%2Fwp%2Fv2%2Fcomments&post=15362"}],"version-history":[{"count":1,"href":"https:\/\/podernacional.com\/index.php?rest_route=\/wp\/v2\/posts\/15362\/revisions"}],"predecessor-version":[{"id":15363,"href":"https:\/\/podernacional.com\/index.php?rest_route=\/wp\/v2\/posts\/15362\/revisions\/15363"}],"wp:featuredmedia":[{"embeddable":true,"href":"https:\/\/podernacional.com\/index.php?rest_route=\/wp\/v2\/media\/15364"}],"wp:attachment":[{"href":"https:\/\/podernacional.com\/index.php?rest_route=%2Fwp%2Fv2%2Fmedia&parent=15362"}],"wp:term":[{"taxonomy":"category","embeddable":true,"href":"https:\/\/podernacional.com\/index.php?rest_route=%2Fwp%2Fv2%2Fcategories&post=15362"},{"taxonomy":"post_tag","embeddable":true,"href":"https:\/\/podernacional.com\/index.php?rest_route=%2Fwp%2Fv2%2Ftags&post=15362"}],"curies":[{"name":"wp","href":"https:\/\/api.w.org\/{rel}","templated":true}]}}