{"id":15365,"date":"2023-05-03T17:32:18","date_gmt":"2023-05-03T22:32:18","guid":{"rendered":"https:\/\/podernacional.com\/?p=15365"},"modified":"2023-05-03T22:32:20","modified_gmt":"2023-05-03T22:32:20","slug":"caribe-mexicano-registra-mas-del-76-en-ocupacion-hotelera-en-ultima-semana-de-abril-turismo-de-quintana-roo","status":"publish","type":"post","link":"https:\/\/podernacional.com\/?p=15365","title":{"rendered":"Caribe mexicano registra m\u00e1s del 76% en ocupaci\u00f3n hotelera en \u00faltima semana de abril: Turismo de Quintana Roo"},"content":{"rendered":"<h4>Lo anterior como resultado del modelo tur\u00edstico implementado por gobernadora Mara Lezama con base al Nuevo Acuerdo por el Bienestar y Desarrollo de Quintana Roo<\/h4>\n<p>De acuerdo con datos de la Secretar\u00eda de Turismo de Quintana Roo, el Caribe Mexicano cerr\u00f3 la \u00faltima semana de abril.<\/p>\n<p>As\u00ed como con una ocupaci\u00f3n hotelera promedio de 76.6% y una afluencia de 468 mil 523 turistas.<\/p>\n<p>Adem\u00e1s de estar\u00a0manteniendo a los destinos tur\u00edsticos como preferidos por turistas nacional e internacionales.<\/p>\n<p>Lo anterior como resultado del modelo tur\u00edstico implementado por la gobernadora Mara Lezama.<\/p>\n<p>Esto con base al Nuevo Acuerdo por el Bienestar y Desarrollo de Quintana Roo.<\/p>\n<p>El cual es quien\u00a0busca que la prosperidad llegue a todos los rincones del estado y con una transformaci\u00f3n profunda.<\/p>\n<p>El reporte de Asociaciones de Hoteles y la Sedetur detall\u00f3 que la Riviera Maya fue el polo tur\u00edstico con mayor ocupaci\u00f3n hotelera.<\/p>\n<h4>Adem\u00e1s de estar\u00a0alcanzando un impresionante 80%, seguido por Costa Mujeres con 78.9%, Canc\u00fan 77.6%, Tulum 73.6%.<\/h4>\n<p>As\u00ed como de\u00a0Isla Mujeres 70.3%, Puerto Morelos 69.7%, Cozumel 61.5% y Grand Costa Maya 42%.<\/p>\n<p>Lee tambi\u00e9n \u00a1Sol, arena y una pelea! Durante ri\u00f1a en playa Icacos de Acapulco salen a relucir sillas y palos<\/p>\n<p>Tambi\u00e9n se inform\u00f3 que los aeropuertos de Chetumal, Cozumel y Canc\u00fan reportaron una importante cantidad de llegadas y salidas.<\/p>\n<p>Esto\u00a0durante el mismo periodo: de las 2 mil 017 llegadas, mil 269 fueron internacionales y 748 nacionales.<\/p>\n<p>Mientras que, de las mil 996 salidas, 748 fueron nacionales y mil 248 internacionales.<\/p>\n<p>As\u00ed mismo se indic\u00f3 que el Aeropuerto Internacional de Canc\u00fan fue el que registr\u00f3 mayor actividad con mil 239 llegadas internacionales y 716 nacionales.<\/p>\n<p>Por su parte, el de Cozumel report\u00f3 30 llegadas internacionales y 13 nacionales, en tanto que Chetumal tuvo 19 nacionales.<\/p>\n<p>La mayor\u00eda se los turistas fueron procedentes de M\u00e9xico y Estados Unidos, seguidos de Canad\u00e1, Francia, Reino Unido, Colombia.<\/p>\n<p>Adem\u00e1s de\u00a0Argentina, Alemania, Espa\u00f1a y Brasil, entre otros pa\u00edses.<\/p>\n","protected":false},"excerpt":{"rendered":"<p>Lo anterior como resultado del modelo tur\u00edstico implementado por gobernadora Mara Lezama con base al Nuevo Acuerdo por el Bienestar y Desarrollo de Quintana Roo De acuerdo con datos de la Secretar\u00eda de Turismo de Quintana Roo, el Caribe Mexicano cerr\u00f3 la \u00faltima semana de abril. As\u00ed como con una ocupaci\u00f3n hotelera promedio de 76.6% [&hellip;]<\/p>\n","protected":false},"author":1,"featured_media":15367,"comment_status":"open","ping_status":"closed","sticky":false,"template":"","format":"standard","meta":{"footnotes":""},"categories":[10],"tags":[],"class_list":["post-15365","post","type-post","status-publish","format-standard","has-post-thumbnail","hentry","category-quintana-roo"],"_links":{"self":[{"href":"https:\/\/podernacional.com\/index.php?rest_route=\/wp\/v2\/posts\/15365","targetHints":{"allow":["GET"]}}],"collection":[{"href":"https:\/\/podernacional.com\/index.php?rest_route=\/wp\/v2\/posts"}],"about":[{"href":"https:\/\/podernacional.com\/index.php?rest_route=\/wp\/v2\/types\/post"}],"author":[{"embeddable":true,"href":"https:\/\/podernacional.com\/index.php?rest_route=\/wp\/v2\/users\/1"}],"replies":[{"embeddable":true,"href":"https:\/\/podernacional.com\/index.php?rest_route=%2Fwp%2Fv2%2Fcomments&post=15365"}],"version-history":[{"count":1,"href":"https:\/\/podernacional.com\/index.php?rest_route=\/wp\/v2\/posts\/15365\/revisions"}],"predecessor-version":[{"id":15366,"href":"https:\/\/podernacional.com\/index.php?rest_route=\/wp\/v2\/posts\/15365\/revisions\/15366"}],"wp:featuredmedia":[{"embeddable":true,"href":"https:\/\/podernacional.com\/index.php?rest_route=\/wp\/v2\/media\/15367"}],"wp:attachment":[{"href":"https:\/\/podernacional.com\/index.php?rest_route=%2Fwp%2Fv2%2Fmedia&parent=15365"}],"wp:term":[{"taxonomy":"category","embeddable":true,"href":"https:\/\/podernacional.com\/index.php?rest_route=%2Fwp%2Fv2%2Fcategories&post=15365"},{"taxonomy":"post_tag","embeddable":true,"href":"https:\/\/podernacional.com\/index.php?rest_route=%2Fwp%2Fv2%2Ftags&post=15365"}],"curies":[{"name":"wp","href":"https:\/\/api.w.org\/{rel}","templated":true}]}}