{"id":15368,"date":"2023-05-03T17:34:13","date_gmt":"2023-05-03T22:34:13","guid":{"rendered":"https:\/\/podernacional.com\/?p=15368"},"modified":"2023-05-03T22:34:14","modified_gmt":"2023-05-03T22:34:14","slug":"disminuye-deuda-del-consejo-de-promocion-turistica-de-quintana-roo","status":"publish","type":"post","link":"https:\/\/podernacional.com\/?p=15368","title":{"rendered":"Disminuye deuda del Consejo de Promoci\u00f3n Tur\u00edstica de Quintana Roo"},"content":{"rendered":"<h4>El titular del Consejo de Promoci\u00f3n Tur\u00edstica de Quintana Roo inform\u00f3 que la deuda del organismo.<\/h4>\n<p>El cual\u00a0ha disminuido de los 1,020 millones de pesos a 840 millones de pesos.<\/p>\n<p>La deuda del Consejo de Promoci\u00f3n Tur\u00edstica de Quintana Roo (CPTQ) ha disminuido en casi 200 millones de pesos.<\/p>\n<p>Esto\u00a0en lo que va de la administraci\u00f3n de la gobernadora Mara Lezama Espinosa.<\/p>\n<p>As\u00ed lo da a conocer el titular del CPTQ, Javier Aranda Pedrero, al informar que al inicio de la administraci\u00f3n el adeudo ascend\u00eda.<\/p>\n<h4>Esto hac\u00eda\u00a0a los 1,020 millones de pesos, y actualmente ya se redujo a los 840 millones de pesos.<\/h4>\n<p>El funcionario explic\u00f3 que el compromiso de la gobernadora es cumplir con todos y cada uno de los compromisos.<\/p>\n<p>Esto\u00a0en promoci\u00f3n sin que ello interrumpa cumplir con la labor de promocionar a los 11 de destinos de Quintana Roo,\u00a0nivel nacional e internacional.<\/p>\n<p>\u00abEl compromiso de la gobernadora es que se atender\u00e1n los pasivos, pero es una deuda que no se adquiri\u00f3 en tres d\u00edas\u201d.<\/p>\n<p>\u201cAdem\u00e1s de que\u00a0se adquiri\u00f3 en cuatro a\u00f1os y tenemos que ir cubri\u00e9ndola poco a poco de acuerdo a las posibilidades del gobierno del estado\u2026 \u201c.<\/p>\n<p>\u201cEl cualdebemos andar como en 840 millones de pesos, de 1,020 que ten\u00edamos en diciembre\u00bb, expuso.<\/p>\n<p>Record\u00f3 que uno de los adeudos pendientes es con el equipo Espa\u00f1ol de Barcelona, pues el contrato para que el logo de la Riviera Maya.<\/p>\n<p>El cual\u00a0aparezca en su camiseta vence hasta el final de la presente temporada.<\/p>\n","protected":false},"excerpt":{"rendered":"<p>El titular del Consejo de Promoci\u00f3n Tur\u00edstica de Quintana Roo inform\u00f3 que la deuda del organismo. El cual\u00a0ha disminuido de los 1,020 millones de pesos a 840 millones de pesos. La deuda del Consejo de Promoci\u00f3n Tur\u00edstica de Quintana Roo (CPTQ) ha disminuido en casi 200 millones de pesos. Esto\u00a0en lo que va de la [&hellip;]<\/p>\n","protected":false},"author":1,"featured_media":15370,"comment_status":"open","ping_status":"closed","sticky":false,"template":"","format":"standard","meta":{"footnotes":""},"categories":[10],"tags":[],"class_list":["post-15368","post","type-post","status-publish","format-standard","has-post-thumbnail","hentry","category-quintana-roo"],"_links":{"self":[{"href":"https:\/\/podernacional.com\/index.php?rest_route=\/wp\/v2\/posts\/15368","targetHints":{"allow":["GET"]}}],"collection":[{"href":"https:\/\/podernacional.com\/index.php?rest_route=\/wp\/v2\/posts"}],"about":[{"href":"https:\/\/podernacional.com\/index.php?rest_route=\/wp\/v2\/types\/post"}],"author":[{"embeddable":true,"href":"https:\/\/podernacional.com\/index.php?rest_route=\/wp\/v2\/users\/1"}],"replies":[{"embeddable":true,"href":"https:\/\/podernacional.com\/index.php?rest_route=%2Fwp%2Fv2%2Fcomments&post=15368"}],"version-history":[{"count":1,"href":"https:\/\/podernacional.com\/index.php?rest_route=\/wp\/v2\/posts\/15368\/revisions"}],"predecessor-version":[{"id":15369,"href":"https:\/\/podernacional.com\/index.php?rest_route=\/wp\/v2\/posts\/15368\/revisions\/15369"}],"wp:featuredmedia":[{"embeddable":true,"href":"https:\/\/podernacional.com\/index.php?rest_route=\/wp\/v2\/media\/15370"}],"wp:attachment":[{"href":"https:\/\/podernacional.com\/index.php?rest_route=%2Fwp%2Fv2%2Fmedia&parent=15368"}],"wp:term":[{"taxonomy":"category","embeddable":true,"href":"https:\/\/podernacional.com\/index.php?rest_route=%2Fwp%2Fv2%2Fcategories&post=15368"},{"taxonomy":"post_tag","embeddable":true,"href":"https:\/\/podernacional.com\/index.php?rest_route=%2Fwp%2Fv2%2Ftags&post=15368"}],"curies":[{"name":"wp","href":"https:\/\/api.w.org\/{rel}","templated":true}]}}