{"id":15405,"date":"2023-05-04T15:19:27","date_gmt":"2023-05-04T20:19:27","guid":{"rendered":"https:\/\/podernacional.com\/?p=15405"},"modified":"2023-05-04T20:19:28","modified_gmt":"2023-05-04T20:19:28","slug":"empresarios-de-q-roo-acuerdan-exportaciones-por-hasta-800-mdd","status":"publish","type":"post","link":"https:\/\/podernacional.com\/?p=15405","title":{"rendered":"Empresarios de Q. Roo acuerdan exportaciones por hasta 800 MDD"},"content":{"rendered":"<h4>Presentan una cartera de productos como maderas, frutas, verduras y maquila.<\/h4>\n<p>Empresarios de Quintana Roo realizan acuerdos comerciales con China, Belice, Brasil.<\/p>\n<p>As\u00ed como\u00a0lo que se espera generar derramas econ\u00f3micas de 500 a 800 millones de d\u00f3lares y aumentar con ello las exportaciones desde Quintana Roo.<\/p>\n<p>Sergio Le\u00f3n Cervantes, presidente de Empresarios por Quintana Roo, detall\u00f3 que una de las reuniones que ya se llevaron a cabo fue una en China.<\/p>\n<p>Esto en la ciudad de Hong Kong, donde los empresarios de ese pa\u00eds mostraron inter\u00e9s por lo que se produce en la entidad.<\/p>\n<p>Dijo que se acord\u00f3 una segunda reuni\u00f3n en la que se presentar\u00e1 una cartera de productos como maderas, frutas y verduras, pero tambi\u00e9n maquila.<\/p>\n<p>\u201cHong Kong no produce mucho pero es una puerta comercial, es por ello que con siete c\u00e1maras nos vamos a sentar\u201d.<\/p>\n<p>\u201cAs\u00ed poder mostrar nuestros cat\u00e1logos que nos han solicitado productos alimenticios, madera por mencionar algunos\u201d, explic\u00f3.<\/p>\n<h4>Las rondas de negocios y eventos de networking ayudan a fortalecer y estrechar v\u00ednculos.<\/h4>\n<p>En el evento de Hong Kong fueron 100 participantes, mientras que para Sao Paulo, contaron con la presencia de m\u00e1s de 150 participantes.<\/p>\n<p>Lugar en donde se realizaron m\u00e1s de 1000 reuniones uno a uno.<\/p>\n<p>De acuerdo con el l\u00edder empresarial, la idea es que tambi\u00e9n se traigan empresas que maquilan a la zona sur de la entidad.<\/p>\n<p>Adem\u00e1s que\u00a0con ello incrementar las fuentes de empleo.<\/p>\n<p>\u201cNosotros tenemos una importaci\u00f3n de 12 mil millones de d\u00f3lares, lo que significa que existe un nicho, rutas log\u00edsticas\u201d.<\/p>\n<p>\u201cHe\u00a0incluso proveedores con precios m\u00e1s competitivos, pero lo m\u00e1s importante es poder exportar\u201d, explic\u00f3.<\/p>\n<p>Este mes se realizar\u00e1 el tercer encuentro que ser\u00e1 en Belice.<\/p>\n<p>Lugar en\u00a0donde asistir\u00e1n diferentes empresarios locales para aprovechar la cercan\u00eda que se tiene con ese pa\u00eds.<\/p>\n<p>Una vez que se concluyan estos encuentros de negocios, a finales de 2023, en octubre.<\/p>\n<p>El cual\u00a0se espera reunir en Canc\u00fan a m\u00e1s de 100 agentes de 40 pa\u00edses interesados en invertir y consumir lo hecho en M\u00e9xico.<\/p>\n","protected":false},"excerpt":{"rendered":"<p>Presentan una cartera de productos como maderas, frutas, verduras y maquila. Empresarios de Quintana Roo realizan acuerdos comerciales con China, Belice, Brasil. As\u00ed como\u00a0lo que se espera generar derramas econ\u00f3micas de 500 a 800 millones de d\u00f3lares y aumentar con ello las exportaciones desde Quintana Roo. Sergio Le\u00f3n Cervantes, presidente de Empresarios por Quintana Roo, [&hellip;]<\/p>\n","protected":false},"author":1,"featured_media":15407,"comment_status":"open","ping_status":"closed","sticky":false,"template":"","format":"standard","meta":{"footnotes":""},"categories":[10],"tags":[],"class_list":["post-15405","post","type-post","status-publish","format-standard","has-post-thumbnail","hentry","category-quintana-roo"],"_links":{"self":[{"href":"https:\/\/podernacional.com\/index.php?rest_route=\/wp\/v2\/posts\/15405","targetHints":{"allow":["GET"]}}],"collection":[{"href":"https:\/\/podernacional.com\/index.php?rest_route=\/wp\/v2\/posts"}],"about":[{"href":"https:\/\/podernacional.com\/index.php?rest_route=\/wp\/v2\/types\/post"}],"author":[{"embeddable":true,"href":"https:\/\/podernacional.com\/index.php?rest_route=\/wp\/v2\/users\/1"}],"replies":[{"embeddable":true,"href":"https:\/\/podernacional.com\/index.php?rest_route=%2Fwp%2Fv2%2Fcomments&post=15405"}],"version-history":[{"count":1,"href":"https:\/\/podernacional.com\/index.php?rest_route=\/wp\/v2\/posts\/15405\/revisions"}],"predecessor-version":[{"id":15406,"href":"https:\/\/podernacional.com\/index.php?rest_route=\/wp\/v2\/posts\/15405\/revisions\/15406"}],"wp:featuredmedia":[{"embeddable":true,"href":"https:\/\/podernacional.com\/index.php?rest_route=\/wp\/v2\/media\/15407"}],"wp:attachment":[{"href":"https:\/\/podernacional.com\/index.php?rest_route=%2Fwp%2Fv2%2Fmedia&parent=15405"}],"wp:term":[{"taxonomy":"category","embeddable":true,"href":"https:\/\/podernacional.com\/index.php?rest_route=%2Fwp%2Fv2%2Fcategories&post=15405"},{"taxonomy":"post_tag","embeddable":true,"href":"https:\/\/podernacional.com\/index.php?rest_route=%2Fwp%2Fv2%2Ftags&post=15405"}],"curies":[{"name":"wp","href":"https:\/\/api.w.org\/{rel}","templated":true}]}}