{"id":15441,"date":"2023-05-06T11:23:27","date_gmt":"2023-05-06T16:23:27","guid":{"rendered":"https:\/\/podernacional.com\/?p=15441"},"modified":"2023-05-06T16:23:28","modified_gmt":"2023-05-06T16:23:28","slug":"banqueros-confian-en-quintana-roo-para-crecimiento-de-inversiones","status":"publish","type":"post","link":"https:\/\/podernacional.com\/?p=15441","title":{"rendered":"Banqueros conf\u00edan en Quintana Roo para crecimiento de inversiones"},"content":{"rendered":"<h4>La visita del director general de Banco Santander confirma la solidez en la econom\u00eda y crecimiento en el Estado.<\/h4>\n<p>Adem\u00e1s que con esto\u00a0se suman a las acciones sociales del Gobierno de Quintana Roo<\/p>\n<p>La gobernadora de Quintana Roo, Mara Lezama Espinosa, se reuni\u00f3 con el director general de Banco Santander, Felipe Garc\u00eda Ascencio.<\/p>\n<p>As\u00ed como\u00a0en una visita en la que el banco Santander confirm\u00f3 la solidez en la econom\u00eda y crecimiento de Quintana Roo.<\/p>\n<p>Al igual de que\u00a0se sumaron a las acciones sociales que llevan a cabo principalmente con mujeres y en zonas marginadas.<\/p>\n<p>Santander realiz\u00f3 el compromiso de mantener el financiamiento a nuevos proyectos en la entidad.<\/p>\n<p>As\u00ed como que se\u00a0anunci\u00f3 que tienen en cartera varios proyectos que representan una inversi\u00f3n de varios cientos de millones de d\u00f3lares.<\/p>\n<h4>Esto representa un crecimiento del 10% respecto a lo que invirtieron en 2022.<\/h4>\n<p>Durante la reuni\u00f3n, Banco Santander tambi\u00e9n felicit\u00f3 a la gobernadora por las acciones sociales que su administraci\u00f3n est\u00e1 llevando a cabo en todo el estado.<\/p>\n<p>Esto\u00a0especialmente en zonas marginadas y entre mujeres. El banco se sum\u00f3 a estas acciones sociales.<\/p>\n<p>Adem\u00e1s de que\u00a0se comprometi\u00f3 a encontrar coincidencias para sumarse a los programas que puedan atender causas sociales con efectividad.<\/p>\n<p>La gobernadora habl\u00f3 de la importancia de la gente de Quintana Roo en el \u00e9xito tur\u00edstico de M\u00e9xico y Am\u00e9rica Latina.<\/p>\n<p>Adem\u00e1s\u00a0de la dedicaci\u00f3n que tiene su administraci\u00f3n en el Nuevo Acuerdo por el Bienestar y el Desarrollo de Quintana Roo.<\/p>\n<p>Tambi\u00e9n destac\u00f3 los programas que se est\u00e1n llevando a cabo, como las caravanas de salud y el combate a la corrupci\u00f3n para dar justicia social.<\/p>\n<p>&nbsp;<\/p>\n<p>&nbsp;<\/p>\n","protected":false},"excerpt":{"rendered":"<p>La visita del director general de Banco Santander confirma la solidez en la econom\u00eda y crecimiento en el Estado. Adem\u00e1s que con esto\u00a0se suman a las acciones sociales del Gobierno de Quintana Roo La gobernadora de Quintana Roo, Mara Lezama Espinosa, se reuni\u00f3 con el director general de Banco Santander, Felipe Garc\u00eda Ascencio. As\u00ed como\u00a0en [&hellip;]<\/p>\n","protected":false},"author":1,"featured_media":15443,"comment_status":"open","ping_status":"closed","sticky":false,"template":"","format":"standard","meta":{"footnotes":""},"categories":[10],"tags":[],"class_list":["post-15441","post","type-post","status-publish","format-standard","has-post-thumbnail","hentry","category-quintana-roo"],"_links":{"self":[{"href":"https:\/\/podernacional.com\/index.php?rest_route=\/wp\/v2\/posts\/15441","targetHints":{"allow":["GET"]}}],"collection":[{"href":"https:\/\/podernacional.com\/index.php?rest_route=\/wp\/v2\/posts"}],"about":[{"href":"https:\/\/podernacional.com\/index.php?rest_route=\/wp\/v2\/types\/post"}],"author":[{"embeddable":true,"href":"https:\/\/podernacional.com\/index.php?rest_route=\/wp\/v2\/users\/1"}],"replies":[{"embeddable":true,"href":"https:\/\/podernacional.com\/index.php?rest_route=%2Fwp%2Fv2%2Fcomments&post=15441"}],"version-history":[{"count":1,"href":"https:\/\/podernacional.com\/index.php?rest_route=\/wp\/v2\/posts\/15441\/revisions"}],"predecessor-version":[{"id":15442,"href":"https:\/\/podernacional.com\/index.php?rest_route=\/wp\/v2\/posts\/15441\/revisions\/15442"}],"wp:featuredmedia":[{"embeddable":true,"href":"https:\/\/podernacional.com\/index.php?rest_route=\/wp\/v2\/media\/15443"}],"wp:attachment":[{"href":"https:\/\/podernacional.com\/index.php?rest_route=%2Fwp%2Fv2%2Fmedia&parent=15441"}],"wp:term":[{"taxonomy":"category","embeddable":true,"href":"https:\/\/podernacional.com\/index.php?rest_route=%2Fwp%2Fv2%2Fcategories&post=15441"},{"taxonomy":"post_tag","embeddable":true,"href":"https:\/\/podernacional.com\/index.php?rest_route=%2Fwp%2Fv2%2Ftags&post=15441"}],"curies":[{"name":"wp","href":"https:\/\/api.w.org\/{rel}","templated":true}]}}