{"id":15450,"date":"2023-05-06T11:29:05","date_gmt":"2023-05-06T16:29:05","guid":{"rendered":"https:\/\/podernacional.com\/?p=15450"},"modified":"2023-05-06T16:29:07","modified_gmt":"2023-05-06T16:29:07","slug":"mas-de-un-ano-sin-titular-en-la-cdhe-quintana-roo-a-falta-de-acuerdos-politicos","status":"publish","type":"post","link":"https:\/\/podernacional.com\/?p=15450","title":{"rendered":"M\u00e1s de un a\u00f1o sin titular en la CDHE Quintana Roo a falta de acuerdos pol\u00edticos"},"content":{"rendered":"<h4>La Comisi\u00f3n de Derechos Humanos de Quintana Roo (CDHEQROO) permanece ac\u00e9fala desde hace un a\u00f1o y cuatro meses.<\/h4>\n<p>Esto\u00a0por la falta de acuerdos pol\u00edticos en la XVI legislatura para la designaci\u00f3n de su titular, lo cual demuestra la falta de responsabilidad.<\/p>\n<p>As\u00ed como de\u00a0compromiso de los legisladores con la sociedad, dijo Francisco Lara Gonz\u00e1lez.<\/p>\n<p>El cual es\u00a0presidente de la Comisi\u00f3n Directiva de Ciudadanos por los Derechos Humanos A.C. en Quintana Roo.<\/p>\n<p>A principios de 2022 la Comisi\u00f3n de Derechos Humanos del congreso ocal dictamin\u00f3 que 10 personas cumplen con los requisitos de la convocatoria.<\/p>\n<p>El cual es\u00a0para ocupar el cargo en la Comisi\u00f3n Estatal, pero la falta de consenso origin\u00f3 que se suspendiera este proceso por tiempo indefinido.<\/p>\n<p>Adem\u00e1s de que\u00a0por lo que \u00fanicamente permanece un encargado.<\/p>\n<p>Para el representante defensora de los derechos humanos en Quintana Roo y a nivel nacional.<\/p>\n<p>Adem\u00e1s de que\u00a0es una verdadera falta de respeto a la sociedad que la Legislatura no cumpla con su obligaci\u00f3n.<\/p>\n<p>Esto se menciona que es\u00a0al nombrar a un titular de esta importante instancia.<\/p>\n","protected":false},"excerpt":{"rendered":"<p>La Comisi\u00f3n de Derechos Humanos de Quintana Roo (CDHEQROO) permanece ac\u00e9fala desde hace un a\u00f1o y cuatro meses. Esto\u00a0por la falta de acuerdos pol\u00edticos en la XVI legislatura para la designaci\u00f3n de su titular, lo cual demuestra la falta de responsabilidad. As\u00ed como de\u00a0compromiso de los legisladores con la sociedad, dijo Francisco Lara Gonz\u00e1lez. El [&hellip;]<\/p>\n","protected":false},"author":1,"featured_media":15452,"comment_status":"open","ping_status":"closed","sticky":false,"template":"","format":"standard","meta":{"footnotes":""},"categories":[10],"tags":[],"class_list":["post-15450","post","type-post","status-publish","format-standard","has-post-thumbnail","hentry","category-quintana-roo"],"_links":{"self":[{"href":"https:\/\/podernacional.com\/index.php?rest_route=\/wp\/v2\/posts\/15450","targetHints":{"allow":["GET"]}}],"collection":[{"href":"https:\/\/podernacional.com\/index.php?rest_route=\/wp\/v2\/posts"}],"about":[{"href":"https:\/\/podernacional.com\/index.php?rest_route=\/wp\/v2\/types\/post"}],"author":[{"embeddable":true,"href":"https:\/\/podernacional.com\/index.php?rest_route=\/wp\/v2\/users\/1"}],"replies":[{"embeddable":true,"href":"https:\/\/podernacional.com\/index.php?rest_route=%2Fwp%2Fv2%2Fcomments&post=15450"}],"version-history":[{"count":1,"href":"https:\/\/podernacional.com\/index.php?rest_route=\/wp\/v2\/posts\/15450\/revisions"}],"predecessor-version":[{"id":15451,"href":"https:\/\/podernacional.com\/index.php?rest_route=\/wp\/v2\/posts\/15450\/revisions\/15451"}],"wp:featuredmedia":[{"embeddable":true,"href":"https:\/\/podernacional.com\/index.php?rest_route=\/wp\/v2\/media\/15452"}],"wp:attachment":[{"href":"https:\/\/podernacional.com\/index.php?rest_route=%2Fwp%2Fv2%2Fmedia&parent=15450"}],"wp:term":[{"taxonomy":"category","embeddable":true,"href":"https:\/\/podernacional.com\/index.php?rest_route=%2Fwp%2Fv2%2Fcategories&post=15450"},{"taxonomy":"post_tag","embeddable":true,"href":"https:\/\/podernacional.com\/index.php?rest_route=%2Fwp%2Fv2%2Ftags&post=15450"}],"curies":[{"name":"wp","href":"https:\/\/api.w.org\/{rel}","templated":true}]}}