{"id":15453,"date":"2023-05-06T11:30:46","date_gmt":"2023-05-06T16:30:46","guid":{"rendered":"https:\/\/podernacional.com\/?p=15453"},"modified":"2023-05-06T16:30:48","modified_gmt":"2023-05-06T16:30:48","slug":"alerta-eu-contra-tiempos-compartidos-en-quintana-roo","status":"publish","type":"post","link":"https:\/\/podernacional.com\/?p=15453","title":{"rendered":"Alerta EU contra tiempos compartidos en Quintana Roo"},"content":{"rendered":"<h4>El gobierno estadounidense recomienda a sus ciudadanos tener cuidado al considerar inversiones en bienes ra\u00edces.<\/h4>\n<p>La Embajada de Estados Unidos alert\u00f3 a sus ciudadanos sobre pr\u00e1cticas agresivas utilizadas por representantes o agentes de ventas.<\/p>\n<p>Esto\u00a0para captar clientes, siendo Quintana Roo uno de los destinos que representa la mayor fuerza de venta de los tiempos compartidos.<\/p>\n<p>El gobierno de Estados Unidos recomienda a sus ciudadanos tener cuidado al considerar inversiones en tiempo compartido o en comprar bienes ra\u00edces.<\/p>\n<p>As\u00ed como ser conscientes de las t\u00e1cticas agresivas utilizadas por algunos representantes de ventas.<\/p>\n<p>Adem\u00e1s se\u00f1ala que antes de iniciar una compra de bienes ra\u00edces o una inversi\u00f3n de tiempo compartido.<\/p>\n<p>Adem\u00e1s de\u00a0los ciudadanos estadounidenses deben consultar con un abogado, de preferencia de M\u00e9xico.<\/p>\n<h4>Esto para conocer las regulaciones y leyes importantes que rigen las propiedades inmobiliarias.<\/h4>\n<p>Bernardo Cueto Riestra, secretario de Turismo, mencion\u00f3 que a nivel local se mantienen constantes reuniones con la embajada de Estados Unidos.<\/p>\n<p>Esto para atender los casos que se presenten, por lo que espera que no haya una afectaci\u00f3n a este sector.<\/p>\n<p>La actividad es regulada y vigilada por la Procuradur\u00eda Federal del Consumidor (Profeco).<\/p>\n<p>\u201cDesde la Sedetur estamos en contacto con las representaciones del sector para garantizar la certeza y calidad de los servicios que ofertamos en la entidad\u201d.<\/p>\n<p>As\u00ed como de\u00a0la Profeco es la encargada de revisar la calidad e incluso colaborando para ser el interlocutor entre las asociaciones.<\/p>\n<p>Adem\u00e1s de\u00a0la dependencia federal con ello generar una certeza a los turistas\u201d, agreg\u00f3.<\/p>\n<p>Sin embargo, se\u00f1al\u00f3 que ante este tipo de situaciones es importante el Registro Estatal de Turismo, para generar una mayor competitividad y ofertas con certeza.<\/p>\n<p>Los riegos para los compradores dentro del esquema de tiempos compartidos no son nuevos. En Quintana Roo.<\/p>\n<p>Adem\u00e1s de que\u00a0incluso, fue presentada la iniciativa de Ley Sobre el R\u00e9gimen de Tiempo Compartido.<\/p>\n<p>La justificaci\u00f3n de aquella propuesta, que al final fue desechada el mes pasado, era que no pretend\u00eda regular la operaci\u00f3n del esquema de negocio.<\/p>\n<h4>As\u00ed como\u00a0pero s\u00ed brindar certeza jur\u00eddica a las personas que adquieran un tiempo compartido.<\/h4>\n<p>\u201cEstableciendo la obligaci\u00f3n de afectar el uso del inmueble que corresponda, inscribi\u00e9ndolo en el Registro P\u00fablico de la Propiedad y del Comercio\u201d.<\/p>\n<p>\u201cEsto es\u00a0para evitar la comisi\u00f3n de fraudes\u201d, expon\u00eda la iniciativa.<\/p>\n<p>Al final, Las comisiones de Turismo y Asuntos Internacionales, as\u00ed como de Puntos Legislativos y T\u00e9cnica Parlamentaria.<\/p>\n<p>Adem\u00e1s de que\u00a0determinaron desechar la iniciativa porque la competencia de regulaci\u00f3n correspond\u00eda al Congreso de la Uni\u00f3n.<\/p>\n<p>Sin embargo, reconocieron que la legislaci\u00f3n federal resulta insuficiente para garantizar la protecci\u00f3n de los consumidores de ese mercado.<\/p>\n<p>De acuerdo con informaci\u00f3n de la Asociaci\u00f3n Mexicana de Desarrolladores Tur\u00edsticos (Amdetur), hasta antes de la pandemia (2019).<\/p>\n<p>Esto\u00a0en M\u00e9xico se contabilizaban 647 desarrollos con programas de Tiempo Compartido.<\/p>\n<p>El principal destino era Quintana Roo, espec\u00edficamente en Canc\u00fan, Riviera Maya y Playa del Carmen, con 220 desarrollos.<\/p>\n<p>Otros son Puerto Vallarta que ten\u00eda 120; Los Cabos con 78; Mazatl\u00e1n, con 39; Acapulco, con 33; e Ixtapa, con 22.<\/p>\n","protected":false},"excerpt":{"rendered":"<p>El gobierno estadounidense recomienda a sus ciudadanos tener cuidado al considerar inversiones en bienes ra\u00edces. La Embajada de Estados Unidos alert\u00f3 a sus ciudadanos sobre pr\u00e1cticas agresivas utilizadas por representantes o agentes de ventas. Esto\u00a0para captar clientes, siendo Quintana Roo uno de los destinos que representa la mayor fuerza de venta de los tiempos compartidos. [&hellip;]<\/p>\n","protected":false},"author":1,"featured_media":15455,"comment_status":"open","ping_status":"closed","sticky":false,"template":"","format":"standard","meta":{"footnotes":""},"categories":[10],"tags":[],"class_list":["post-15453","post","type-post","status-publish","format-standard","has-post-thumbnail","hentry","category-quintana-roo"],"_links":{"self":[{"href":"https:\/\/podernacional.com\/index.php?rest_route=\/wp\/v2\/posts\/15453","targetHints":{"allow":["GET"]}}],"collection":[{"href":"https:\/\/podernacional.com\/index.php?rest_route=\/wp\/v2\/posts"}],"about":[{"href":"https:\/\/podernacional.com\/index.php?rest_route=\/wp\/v2\/types\/post"}],"author":[{"embeddable":true,"href":"https:\/\/podernacional.com\/index.php?rest_route=\/wp\/v2\/users\/1"}],"replies":[{"embeddable":true,"href":"https:\/\/podernacional.com\/index.php?rest_route=%2Fwp%2Fv2%2Fcomments&post=15453"}],"version-history":[{"count":1,"href":"https:\/\/podernacional.com\/index.php?rest_route=\/wp\/v2\/posts\/15453\/revisions"}],"predecessor-version":[{"id":15454,"href":"https:\/\/podernacional.com\/index.php?rest_route=\/wp\/v2\/posts\/15453\/revisions\/15454"}],"wp:featuredmedia":[{"embeddable":true,"href":"https:\/\/podernacional.com\/index.php?rest_route=\/wp\/v2\/media\/15455"}],"wp:attachment":[{"href":"https:\/\/podernacional.com\/index.php?rest_route=%2Fwp%2Fv2%2Fmedia&parent=15453"}],"wp:term":[{"taxonomy":"category","embeddable":true,"href":"https:\/\/podernacional.com\/index.php?rest_route=%2Fwp%2Fv2%2Fcategories&post=15453"},{"taxonomy":"post_tag","embeddable":true,"href":"https:\/\/podernacional.com\/index.php?rest_route=%2Fwp%2Fv2%2Ftags&post=15453"}],"curies":[{"name":"wp","href":"https:\/\/api.w.org\/{rel}","templated":true}]}}