{"id":15474,"date":"2023-05-08T08:30:50","date_gmt":"2023-05-08T13:30:50","guid":{"rendered":"https:\/\/podernacional.com\/?p=15474"},"modified":"2023-05-08T04:57:14","modified_gmt":"2023-05-08T04:57:14","slug":"sergio-perez-llego-a-30-podios-en-formula-1","status":"publish","type":"post","link":"https:\/\/podernacional.com\/?p=15474","title":{"rendered":"Sergio P\u00e9rez lleg\u00f3 a 30 podios en F\u00f3rmula 1"},"content":{"rendered":"<p>Pese a todo, como buen mexicano, Checo P\u00e9rez siempre tiene algo para festejar. Con su segundo lugar en el Gran Premio de Miami, el tapat\u00edo lleg\u00f3 a 30 podios en la F\u00f3rmula 1 en sus 13 temporadas en la m\u00e1xima categor\u00eda del automovilismo deportivo.<\/p>\n<p>Todo pintaba para que el mexicano de Red Bull celebrara las tres decenas de Top 3 con una victoria, pero al final, su compa\u00f1ero de equipo, Max Verstappen, fue una aplanadora y le arrebat\u00f3 la carrera de la Florida.<\/p>\n<p>A\u00fan as\u00ed, el tapat\u00edo se mantuvo en el podio y sum\u00f3 su n\u00famero 20 con la escuder\u00eda austriaca, en la que en dos campa\u00f1as y cinco carreras ya duplica lo hecho a lo largo de casi una d\u00e9cada en el Gran Circo, pues de 2011 a 2020 solo sum\u00f3 diez Top 3.<\/p>\n<p>Con el segundo lugar en Miami, Checo tambi\u00e9n igual\u00f3 a una leyenda latinoamericana en el serial, el colombiano Juan Pablo Montoya, quien tambi\u00e9n sum\u00f3 30 podios en la F1. Ambos comparten el escal\u00f3n 35 de pilotos con m\u00e1s Top 3 en la historia.<\/p>\n<p>Los 30 de P\u00e9rez en la categor\u00eda reina se dividen en seis victorias, 12 segundos lugares y mismo n\u00famero de terceras posibles.<\/p>\n","protected":false},"excerpt":{"rendered":"<p>Pese a todo, como buen mexicano, Checo P\u00e9rez siempre tiene algo para festejar. Con su segundo lugar en el Gran Premio de Miami, el tapat\u00edo lleg\u00f3 a 30 podios en la F\u00f3rmula 1 en sus 13 temporadas en la m\u00e1xima categor\u00eda del automovilismo deportivo. Todo pintaba para que el mexicano de Red Bull celebrara las [&hellip;]<\/p>\n","protected":false},"author":1,"featured_media":15476,"comment_status":"open","ping_status":"closed","sticky":false,"template":"","format":"standard","meta":{"footnotes":""},"categories":[3],"tags":[],"class_list":["post-15474","post","type-post","status-publish","format-standard","has-post-thumbnail","hentry","category-deportes"],"_links":{"self":[{"href":"https:\/\/podernacional.com\/index.php?rest_route=\/wp\/v2\/posts\/15474","targetHints":{"allow":["GET"]}}],"collection":[{"href":"https:\/\/podernacional.com\/index.php?rest_route=\/wp\/v2\/posts"}],"about":[{"href":"https:\/\/podernacional.com\/index.php?rest_route=\/wp\/v2\/types\/post"}],"author":[{"embeddable":true,"href":"https:\/\/podernacional.com\/index.php?rest_route=\/wp\/v2\/users\/1"}],"replies":[{"embeddable":true,"href":"https:\/\/podernacional.com\/index.php?rest_route=%2Fwp%2Fv2%2Fcomments&post=15474"}],"version-history":[{"count":1,"href":"https:\/\/podernacional.com\/index.php?rest_route=\/wp\/v2\/posts\/15474\/revisions"}],"predecessor-version":[{"id":15475,"href":"https:\/\/podernacional.com\/index.php?rest_route=\/wp\/v2\/posts\/15474\/revisions\/15475"}],"wp:featuredmedia":[{"embeddable":true,"href":"https:\/\/podernacional.com\/index.php?rest_route=\/wp\/v2\/media\/15476"}],"wp:attachment":[{"href":"https:\/\/podernacional.com\/index.php?rest_route=%2Fwp%2Fv2%2Fmedia&parent=15474"}],"wp:term":[{"taxonomy":"category","embeddable":true,"href":"https:\/\/podernacional.com\/index.php?rest_route=%2Fwp%2Fv2%2Fcategories&post=15474"},{"taxonomy":"post_tag","embeddable":true,"href":"https:\/\/podernacional.com\/index.php?rest_route=%2Fwp%2Fv2%2Ftags&post=15474"}],"curies":[{"name":"wp","href":"https:\/\/api.w.org\/{rel}","templated":true}]}}