{"id":15498,"date":"2023-05-08T16:59:51","date_gmt":"2023-05-08T21:59:51","guid":{"rendered":"https:\/\/podernacional.com\/?p=15498"},"modified":"2023-05-08T21:59:52","modified_gmt":"2023-05-08T21:59:52","slug":"mara-lezama-anuncia-red-de-cooperativas-en-quintana-roo-para-fomentar-microempresas","status":"publish","type":"post","link":"https:\/\/podernacional.com\/?p=15498","title":{"rendered":"Mara Lezama anuncia red de cooperativas en Quintana Roo para fomentar microempresas"},"content":{"rendered":"<h4>Dichas acciones est\u00e1n pensadas para aprovechar el turismo que se prev\u00e9 atraiga el Tren Maya a la regi\u00f3n<\/h4>\n<p>Mara Lezama Espinosa, gobernadora del estado de Quintana Roo, anunci\u00f3 durante la conferencia matutina del presidente Andr\u00e9s Manuel L\u00f3pez Obrador.<\/p>\n<p>El cual, el arranque de un programa de apoyo a redes de cooperativas en su entidad para darle cr\u00e9ditos y recursos a artesanos.<\/p>\n<p>Adem\u00e1s de\u00a0comerciantes locales a fin de fomentar la econom\u00eda local, aprovechando el turismo que atraer\u00e1 el Tren Maya.<\/p>\n<p>Al hablar de esa obra, la gobernadora dijo, en Palacio Nacional que el Tren Maya es \u201cun proyecto vertebral\u201d para su estado.<\/p>\n<p>El cual\u00a0\u201ccambiar\u00e1 el rostro de Quintana Roo\u201d y resalt\u00f3 que se trata del proyecto m\u00e1s importante del mundo, porque llevar\u00e1 justicia social\u201d.<\/p>\n<p>\u201cAs\u00ed como del\u00a0desarrollo, empleo, mejor movilidad y bienestar a las comunidades.<\/p>\n<p>\u201cEs un proyecto vertebral para el futuro econ\u00f3mico regional que tendr\u00e1 un impacto directo en la reducci\u00f3n de las brechas de desigualdad\u201d.<\/p>\n<h4>\u201cAdem\u00e1s que\u00a0en la lucha f\u00e9rrea por la reducci\u00f3n de la pobreza\u201d, subray\u00f3.<\/h4>\n<p>Mara Lezama dio un informe de obras y acciones que realiza su gobierno en torno al proyecto del Tren Maya.<\/p>\n<p>En este sentido dijo que se quiere aprovechar al m\u00e1ximo los beneficios del Tren Maya y para esto, desarrollar\u00e1 una red de apoyos a cooperativas.<\/p>\n<p>Las cuales ser\u00e1n\u00a0locales para que los turistas que lleguen a su estado conozcan los productos y servicios de la entidad.<\/p>\n<p>Dijo que el Tren Maya llevar\u00e1 30 millones de pasajeros anuales a Canc\u00fan y ponder\u00f3 eso va a desarrollar la econom\u00eda no s\u00f3lo de Canc\u00fan.<\/p>\n<p>Ssino tambi\u00e9n en Holbox e Isla Mujeres.<\/p>\n<p>Por tal motivo, dijo que se cre\u00f3 un nuevo modelo de apoyos para dar cr\u00e9ditos a los cooperativas locales.<\/p>\n<p>Con lo cualo se va a impulsar la econom\u00eda social y a los peque\u00f1os productores quintanarroenses.<\/p>\n<p>Esto\u00a0pues record\u00f3 que habr\u00e1 necesidad de crear peque\u00f1os hoteles y restaurantes para los turistas.<\/p>\n<p>As\u00ed como\u00a0con lo cual se van a beneficiar los pobladores de la regi\u00f3n.<\/p>\n","protected":false},"excerpt":{"rendered":"<p>Dichas acciones est\u00e1n pensadas para aprovechar el turismo que se prev\u00e9 atraiga el Tren Maya a la regi\u00f3n Mara Lezama Espinosa, gobernadora del estado de Quintana Roo, anunci\u00f3 durante la conferencia matutina del presidente Andr\u00e9s Manuel L\u00f3pez Obrador. El cual, el arranque de un programa de apoyo a redes de cooperativas en su entidad para [&hellip;]<\/p>\n","protected":false},"author":1,"featured_media":15500,"comment_status":"open","ping_status":"closed","sticky":false,"template":"","format":"standard","meta":{"footnotes":""},"categories":[10],"tags":[],"class_list":["post-15498","post","type-post","status-publish","format-standard","has-post-thumbnail","hentry","category-quintana-roo"],"_links":{"self":[{"href":"https:\/\/podernacional.com\/index.php?rest_route=\/wp\/v2\/posts\/15498","targetHints":{"allow":["GET"]}}],"collection":[{"href":"https:\/\/podernacional.com\/index.php?rest_route=\/wp\/v2\/posts"}],"about":[{"href":"https:\/\/podernacional.com\/index.php?rest_route=\/wp\/v2\/types\/post"}],"author":[{"embeddable":true,"href":"https:\/\/podernacional.com\/index.php?rest_route=\/wp\/v2\/users\/1"}],"replies":[{"embeddable":true,"href":"https:\/\/podernacional.com\/index.php?rest_route=%2Fwp%2Fv2%2Fcomments&post=15498"}],"version-history":[{"count":1,"href":"https:\/\/podernacional.com\/index.php?rest_route=\/wp\/v2\/posts\/15498\/revisions"}],"predecessor-version":[{"id":15499,"href":"https:\/\/podernacional.com\/index.php?rest_route=\/wp\/v2\/posts\/15498\/revisions\/15499"}],"wp:featuredmedia":[{"embeddable":true,"href":"https:\/\/podernacional.com\/index.php?rest_route=\/wp\/v2\/media\/15500"}],"wp:attachment":[{"href":"https:\/\/podernacional.com\/index.php?rest_route=%2Fwp%2Fv2%2Fmedia&parent=15498"}],"wp:term":[{"taxonomy":"category","embeddable":true,"href":"https:\/\/podernacional.com\/index.php?rest_route=%2Fwp%2Fv2%2Fcategories&post=15498"},{"taxonomy":"post_tag","embeddable":true,"href":"https:\/\/podernacional.com\/index.php?rest_route=%2Fwp%2Fv2%2Ftags&post=15498"}],"curies":[{"name":"wp","href":"https:\/\/api.w.org\/{rel}","templated":true}]}}