{"id":15501,"date":"2023-05-08T17:02:17","date_gmt":"2023-05-08T22:02:17","guid":{"rendered":"https:\/\/podernacional.com\/?p=15501"},"modified":"2023-05-08T22:02:18","modified_gmt":"2023-05-08T22:02:18","slug":"busca-quintana-roo-atraer-al-turismo-arabe-y-coreano","status":"publish","type":"post","link":"https:\/\/podernacional.com\/?p=15501","title":{"rendered":"Busca Quintana Roo atraer al turismo \u00e1rabe y coreano"},"content":{"rendered":"<h4>El estado ha participado en ferias internacionales y quiere establecer m\u00e1s conexiones a\u00e9reas<\/h4>\n<p>A trav\u00e9s del Consejo de Promoci\u00f3n Tur\u00edstica de Quintana Roo (CPTQ) este a\u00f1o el destino participa en ferias internacionales.<\/p>\n<p>Esto en busca del mercado \u00e1rabe y coreano, que son de alto poder adquisitivo y de suma importancia para el Caribe Mexicano.<\/p>\n<p>\u201cArabia es un mercado que comenzamos a tocar desde hace muchos a\u00f1os, espec\u00edficamente el destino Canc\u00fan\u201d.<\/p>\n<p>\u201cAdem\u00e1s de\u00a0que nuevamente al abrirse ya fronteras ten\u00edamos que regresar\u2026 es un mercado que ha ido creciendo\u201d.<\/p>\n<p>\u201cAs\u00ed como de nuestra conectividad tambi\u00e9n ha crecido hacia esa zona del mundo\u201d, comparti\u00f3 Ana Mari Irabien, directora de Comunicaci\u00f3n y Relaciones P\u00fablicas del CPTQ.<\/p>\n<p>Y por otro lado, Javier Aranda, director general del CPTQ, particip\u00f3 en la feria de Corea, un mercado en el que se ha \u201cpicado piedra\u201d poco a poco.<\/p>\n<p>El cual est\u00e1 tomando en cuenta que el coreano est\u00e1 muy interesado en venir a la zona del Caribe Mexicano.<\/p>\n<h4>Esto por su gran atractivo para ellos.<\/h4>\n<p>\u201cEn esta ocasi\u00f3n nos fuimos en conjunto con Los Cabos, que tambi\u00e9n es el otro destino de lujo que el coreano ha estado buscando\u201d.<\/p>\n<p>\u201cAs\u00ed como en esta ocasi\u00f3n Sectur no est\u00e1 participando, fuimos \u00fanicamente con un pabell\u00f3n que representa a M\u00e9xico con los destinos de Los Cabos\u201d.<\/p>\n<p>\u201cAdem\u00e1s del Caribe Mexicano principalmente Riviera Maya y Canc\u00fan, que son los m\u00e1s conocidos en esa regi\u00f3n\u201d, apunt\u00f3 la funcionaria.<\/p>\n<p>Lo m\u00e1s importante en ambas ferias, estim\u00f3, es avanzar en la conectividad a\u00e9rea, esa parte es lo que sigue.<\/p>\n<p>Al igual de que\u00a0porque en cuanto se abren vuelos directos hay muchas m\u00e1s posibilidades de que llegue el mercado.<\/p>\n<p>Actualmente turistas de ambos destinos s\u00ed est\u00e1n llegando, pero no en cantidades masivas y ya es un buen momento en el que se debe promover.<\/p>\n<p>As\u00ed como\u00a0de lo que se trata es de diversificar los mercados y no tener \u201ctodos los huevos en una sola canasta\u201d.<\/p>\n<p>Ambos mercados antes mencionados tienen diferentes temporalidades al resto del mundo, que tambi\u00e9n es importante.<\/p>\n<p>Adem\u00e1s de\u00a0la econom\u00eda que tienen es muy fuerte, por lo que incluso ser\u00e1 dif\u00edcil pensar en un turismo masivo.<\/p>\n<p>As\u00ed como pero s\u00ed que se incremente en ciertas temporadas que al Caribe Mexicano le hace falta.<\/p>\n<p>Adem\u00e1s de\u00a0que se fortalezca hacia otro segmento de mercado, que es un mercado de lujo, por lo que la derrama ser\u00eda elevada.<\/p>\n","protected":false},"excerpt":{"rendered":"<p>El estado ha participado en ferias internacionales y quiere establecer m\u00e1s conexiones a\u00e9reas A trav\u00e9s del Consejo de Promoci\u00f3n Tur\u00edstica de Quintana Roo (CPTQ) este a\u00f1o el destino participa en ferias internacionales. Esto en busca del mercado \u00e1rabe y coreano, que son de alto poder adquisitivo y de suma importancia para el Caribe Mexicano. \u201cArabia [&hellip;]<\/p>\n","protected":false},"author":1,"featured_media":15503,"comment_status":"open","ping_status":"closed","sticky":false,"template":"","format":"standard","meta":{"footnotes":""},"categories":[10],"tags":[],"class_list":["post-15501","post","type-post","status-publish","format-standard","has-post-thumbnail","hentry","category-quintana-roo"],"_links":{"self":[{"href":"https:\/\/podernacional.com\/index.php?rest_route=\/wp\/v2\/posts\/15501","targetHints":{"allow":["GET"]}}],"collection":[{"href":"https:\/\/podernacional.com\/index.php?rest_route=\/wp\/v2\/posts"}],"about":[{"href":"https:\/\/podernacional.com\/index.php?rest_route=\/wp\/v2\/types\/post"}],"author":[{"embeddable":true,"href":"https:\/\/podernacional.com\/index.php?rest_route=\/wp\/v2\/users\/1"}],"replies":[{"embeddable":true,"href":"https:\/\/podernacional.com\/index.php?rest_route=%2Fwp%2Fv2%2Fcomments&post=15501"}],"version-history":[{"count":1,"href":"https:\/\/podernacional.com\/index.php?rest_route=\/wp\/v2\/posts\/15501\/revisions"}],"predecessor-version":[{"id":15502,"href":"https:\/\/podernacional.com\/index.php?rest_route=\/wp\/v2\/posts\/15501\/revisions\/15502"}],"wp:featuredmedia":[{"embeddable":true,"href":"https:\/\/podernacional.com\/index.php?rest_route=\/wp\/v2\/media\/15503"}],"wp:attachment":[{"href":"https:\/\/podernacional.com\/index.php?rest_route=%2Fwp%2Fv2%2Fmedia&parent=15501"}],"wp:term":[{"taxonomy":"category","embeddable":true,"href":"https:\/\/podernacional.com\/index.php?rest_route=%2Fwp%2Fv2%2Fcategories&post=15501"},{"taxonomy":"post_tag","embeddable":true,"href":"https:\/\/podernacional.com\/index.php?rest_route=%2Fwp%2Fv2%2Ftags&post=15501"}],"curies":[{"name":"wp","href":"https:\/\/api.w.org\/{rel}","templated":true}]}}