{"id":15504,"date":"2023-05-08T17:03:57","date_gmt":"2023-05-08T22:03:57","guid":{"rendered":"https:\/\/podernacional.com\/?p=15504"},"modified":"2023-05-08T22:03:58","modified_gmt":"2023-05-08T22:03:58","slug":"inah-descarta-afectaciones-en-el-cenote-dama-blanca-en-quintana-roo","status":"publish","type":"post","link":"https:\/\/podernacional.com\/?p=15504","title":{"rendered":"INAH descarta afectaciones en el cenote Dama Blanca en Quintana Roo"},"content":{"rendered":"<h4>Diego Prieto, titular del INAH, dijo que se orden\u00f3 el traslado de un grupo de especialistas y asegur\u00f3 que no se detect\u00f3 ninguna afectaci\u00f3n<\/h4>\n<p>Diego Prieto, titular del Instituto Nacional de Antropolog\u00eda e Historia (INAH), neg\u00f3 que existan da\u00f1os provocados por las obras del Tramo 5.<\/p>\n<p>Esto del Tren Maya en el cenote o cueva conocido como \u201cDama Blanca\u201d, en Quintana Roo.<\/p>\n<p>As\u00ed\u00a0como lo aseguraron recientemente ambientalistas de la entidad y sostuvo que el \u00e1rea fue proteg\u00eda para evitar que se acerque maquinaria pesada.<\/p>\n<p>El arque\u00f3logo asegur\u00f3 durante la conferencia ma\u00f1anera del presidente Andr\u00e9s Manuel L\u00f3pez Obrador.<\/p>\n<p>El cual\u00a0que tras las denuncias de ambientalistas, se orden\u00f3 el traslado de un grupo de especialistas para analizar si hab\u00eda da\u00f1o en la cueva.<\/p>\n<p>Con esto asegur\u00f3 que no se detect\u00f3 ninguna afectaci\u00f3n.<\/p>\n<p>\u201cEl lunes pasado, el 1 de mayo, me preguntaban por un supuesto colapso en formaci\u00f3n cavernosa, conocida como cenote o cueva de la \u201cDama Blanca\u201d.<\/p>\n<p>Ese mismo d\u00eda se traslad\u00f3 el equipo de arqueolog\u00eda al sitio y pues no encontramos nada, el elemento est\u00e1 intacto\u201d, dijo el titular del INAH.<\/p>\n<h4>FINANZAS<\/h4>\n<p>Mara Lezama anuncia red de cooperativas en Quintana Roo para fomentar microempresas<\/p>\n<p>El arque\u00f3logo expuso que se trabaja con la empresa ICA para evitar da\u00f1os al cenota.<\/p>\n<p>\u201c(Tabajamos con ICA) en los pivotes que se requieren para asegurarnos que no se va a tocar la formaci\u00f3n cavernosa\u201d.<\/p>\n<p>Por ende se subray\u00f3 que tiene mucha importancia para el abasto del agua de la regi\u00f3n, as\u00ed como para su ecosistema.<\/p>\n<p>A su vez, el mandatario federal aprovech\u00f3 para arremeter en contra de los activistas ambientales a quienes llam\u00f3 \u201cpseudoambientalistas\u201d.<\/p>\n<p>Adem\u00e1s de que\u00a0dijo que \u201cson muy corruptos\u201d, pues son personas pagadas desde el extranjero para impedir el avance del Tren.<\/p>\n<p>\u201cEssos de las organizaciones no gubernamentales, de la llamada sociedad civil, son pseudosambientalistas, son falsos\u201d.<\/p>\n<p>\u201cLos cuales, est\u00e1n financiados desde el extranjero y por los potentados que se han sentido siempre due\u00f1os de Quintana Roo y de M\u00e9xico\u201d.<\/p>\n<p>\u201cAdem\u00e1s de que\u00a0nada m\u00e1s que eso ya se acab\u00f3\u201d, advirti\u00f3 el mandatario.<\/p>\n","protected":false},"excerpt":{"rendered":"<p>Diego Prieto, titular del INAH, dijo que se orden\u00f3 el traslado de un grupo de especialistas y asegur\u00f3 que no se detect\u00f3 ninguna afectaci\u00f3n Diego Prieto, titular del Instituto Nacional de Antropolog\u00eda e Historia (INAH), neg\u00f3 que existan da\u00f1os provocados por las obras del Tramo 5. Esto del Tren Maya en el cenote o cueva [&hellip;]<\/p>\n","protected":false},"author":1,"featured_media":15506,"comment_status":"open","ping_status":"closed","sticky":false,"template":"","format":"standard","meta":{"footnotes":""},"categories":[10],"tags":[],"class_list":["post-15504","post","type-post","status-publish","format-standard","has-post-thumbnail","hentry","category-quintana-roo"],"_links":{"self":[{"href":"https:\/\/podernacional.com\/index.php?rest_route=\/wp\/v2\/posts\/15504","targetHints":{"allow":["GET"]}}],"collection":[{"href":"https:\/\/podernacional.com\/index.php?rest_route=\/wp\/v2\/posts"}],"about":[{"href":"https:\/\/podernacional.com\/index.php?rest_route=\/wp\/v2\/types\/post"}],"author":[{"embeddable":true,"href":"https:\/\/podernacional.com\/index.php?rest_route=\/wp\/v2\/users\/1"}],"replies":[{"embeddable":true,"href":"https:\/\/podernacional.com\/index.php?rest_route=%2Fwp%2Fv2%2Fcomments&post=15504"}],"version-history":[{"count":1,"href":"https:\/\/podernacional.com\/index.php?rest_route=\/wp\/v2\/posts\/15504\/revisions"}],"predecessor-version":[{"id":15505,"href":"https:\/\/podernacional.com\/index.php?rest_route=\/wp\/v2\/posts\/15504\/revisions\/15505"}],"wp:featuredmedia":[{"embeddable":true,"href":"https:\/\/podernacional.com\/index.php?rest_route=\/wp\/v2\/media\/15506"}],"wp:attachment":[{"href":"https:\/\/podernacional.com\/index.php?rest_route=%2Fwp%2Fv2%2Fmedia&parent=15504"}],"wp:term":[{"taxonomy":"category","embeddable":true,"href":"https:\/\/podernacional.com\/index.php?rest_route=%2Fwp%2Fv2%2Fcategories&post=15504"},{"taxonomy":"post_tag","embeddable":true,"href":"https:\/\/podernacional.com\/index.php?rest_route=%2Fwp%2Fv2%2Ftags&post=15504"}],"curies":[{"name":"wp","href":"https:\/\/api.w.org\/{rel}","templated":true}]}}