{"id":15534,"date":"2023-05-09T16:16:20","date_gmt":"2023-05-09T21:16:20","guid":{"rendered":"https:\/\/podernacional.com\/?p=15534"},"modified":"2023-05-09T21:16:21","modified_gmt":"2023-05-09T21:16:21","slug":"mara-lezama-anuncia-un-nuevo-modelo-de-apoyo-a-cooperativas","status":"publish","type":"post","link":"https:\/\/podernacional.com\/?p=15534","title":{"rendered":"Mara Lezama anuncia un Nuevo Modelo de Apoyo a Cooperativas"},"content":{"rendered":"<h4>Durante su participaci\u00f3n en la conferencia de prensa del Presidente Andr\u00e9s Manuel L\u00f3pez Obrador, la Gobernadora de Quintana Roo.<\/h4>\n<p>Por ende, Mara Lezama Espinosa, anunci\u00f3 un Nuevo Modelo de Apoyo a las Cooperativas que su gobierno impulsar\u00e1 para transformar.<\/p>\n<p>Lo cual menciona en el sector de\u00a0la econom\u00eda social de las y los peque\u00f1os productores.<\/p>\n<p>Explic\u00f3 que con recursos, cr\u00e9ditos y capacitaci\u00f3n se impulsar\u00e1 el crecimiento econ\u00f3mico de los ejidos, comunidades, organizaciones de trabajadores.<\/p>\n<p>As\u00ed como de\u00a0cooperativas y empresas que pertenezcan en su mayor\u00eda, o exclusivamente, a los trabajadores.<\/p>\n<p>Se sientan las bases para que el \u00e9xito tur\u00edstico se refleje de forma equitativa entre quienes m\u00e1s lo necesitan.<\/p>\n<p>La gobernadora de Quintana Roo a\u00f1adi\u00f3 que se enmarca en el Nuevo Acuerdo por el Bienestar y Desarrollo de Quintana Roo.<\/p>\n<p>El cual\u00a0conjunta la suma de esfuerzos y el trabajo conjunto de todas y todos para que la prosperidad compartida.<\/p>\n<p>Adem\u00e1s de que\u00a0permita cambiarles la vida a las personas, principalmente a los m\u00e1s pobres.<\/p>\n<p>&nbsp;<\/p>\n","protected":false},"excerpt":{"rendered":"<p>Durante su participaci\u00f3n en la conferencia de prensa del Presidente Andr\u00e9s Manuel L\u00f3pez Obrador, la Gobernadora de Quintana Roo. Por ende, Mara Lezama Espinosa, anunci\u00f3 un Nuevo Modelo de Apoyo a las Cooperativas que su gobierno impulsar\u00e1 para transformar. Lo cual menciona en el sector de\u00a0la econom\u00eda social de las y los peque\u00f1os productores. Explic\u00f3 [&hellip;]<\/p>\n","protected":false},"author":1,"featured_media":15536,"comment_status":"open","ping_status":"closed","sticky":false,"template":"","format":"standard","meta":{"footnotes":""},"categories":[10],"tags":[],"class_list":["post-15534","post","type-post","status-publish","format-standard","has-post-thumbnail","hentry","category-quintana-roo"],"_links":{"self":[{"href":"https:\/\/podernacional.com\/index.php?rest_route=\/wp\/v2\/posts\/15534","targetHints":{"allow":["GET"]}}],"collection":[{"href":"https:\/\/podernacional.com\/index.php?rest_route=\/wp\/v2\/posts"}],"about":[{"href":"https:\/\/podernacional.com\/index.php?rest_route=\/wp\/v2\/types\/post"}],"author":[{"embeddable":true,"href":"https:\/\/podernacional.com\/index.php?rest_route=\/wp\/v2\/users\/1"}],"replies":[{"embeddable":true,"href":"https:\/\/podernacional.com\/index.php?rest_route=%2Fwp%2Fv2%2Fcomments&post=15534"}],"version-history":[{"count":1,"href":"https:\/\/podernacional.com\/index.php?rest_route=\/wp\/v2\/posts\/15534\/revisions"}],"predecessor-version":[{"id":15535,"href":"https:\/\/podernacional.com\/index.php?rest_route=\/wp\/v2\/posts\/15534\/revisions\/15535"}],"wp:featuredmedia":[{"embeddable":true,"href":"https:\/\/podernacional.com\/index.php?rest_route=\/wp\/v2\/media\/15536"}],"wp:attachment":[{"href":"https:\/\/podernacional.com\/index.php?rest_route=%2Fwp%2Fv2%2Fmedia&parent=15534"}],"wp:term":[{"taxonomy":"category","embeddable":true,"href":"https:\/\/podernacional.com\/index.php?rest_route=%2Fwp%2Fv2%2Fcategories&post=15534"},{"taxonomy":"post_tag","embeddable":true,"href":"https:\/\/podernacional.com\/index.php?rest_route=%2Fwp%2Fv2%2Ftags&post=15534"}],"curies":[{"name":"wp","href":"https:\/\/api.w.org\/{rel}","templated":true}]}}