{"id":15543,"date":"2023-05-09T16:22:42","date_gmt":"2023-05-09T21:22:42","guid":{"rendered":"https:\/\/podernacional.com\/?p=15543"},"modified":"2023-05-09T21:22:44","modified_gmt":"2023-05-09T21:22:44","slug":"baja-el-rezago-educativo-18-en-quintana-roo","status":"publish","type":"post","link":"https:\/\/podernacional.com\/?p=15543","title":{"rendered":"Baja el rezago educativo 18% en Quintana Roo"},"content":{"rendered":"<h4>Para el caso de matem\u00e1ticas el rezago representa un 62 por ciento, contra 38% de aprovechamiento; mientras que en lectura el atraso es de 58%.<\/h4>\n<p>En el presente ciclo escolar \u2014primero en la modalidad escolarizada despu\u00e9s de la pandemia de Covid-19\u2014.<\/p>\n<p>El cual se ha logrado incrementar 18 puntos porcentuales de aprovechamiento que se manten\u00eda en la ense\u00f1anza \u201ca distancia\u201d o \u201cen l\u00ednea\u201d.<\/p>\n<p>La cual es aplicada durante el confinamiento por la emergencia sanitaria.<\/p>\n<p>Sergio Acosta Manzanero, representante regional de la Asociaci\u00f3n Nacional de Padres de Familia dio a conocer que en el ciclo escolar 2022-2023.<\/p>\n<p>As\u00ed como\u00a0del aprovechamiento general promedio del nivel b\u00e1sico ha alcanzad un 52 por ciento.<\/p>\n<p>Esto\u00a0frente al 34 por ciento en que cay\u00f3 durante los tres ciclos anteriores.<\/p>\n<p>En la media nacional lo que m\u00e1s se afect\u00f3 son las asignaturas de matem\u00e1ticas y lectura, con un aproximado de un a\u00f1o y siete meses.<\/p>\n<p>Adem\u00e1s de que\u00a0aunque para el caso espec\u00edfico de Quintana Roo el rezago es dos meses.<\/p>\n<h4>Al igual de que\u00a0afecta a poco m\u00e1s de 431 mil estudiantes de educaci\u00f3n b\u00e1sica, primaria principalmente.<\/h4>\n<p>Para el caso de matem\u00e1ticas el rezago representa un 62 por ciento, contra 38 por ciento de aprovechamiento.<\/p>\n<p>Esto mientras que en lectura el atraso es de 58 por ciento, contra 42 puntos porcentuales de ense\u00f1anza aprovechada.<\/p>\n<p>El cual, de acuerdo con estad\u00edsticas oficiales, aunque en algunos estados el tema es grave, pero no para Quintana Roo, coment\u00f3.<\/p>\n<p>Con los d\u00edas de asueto o puentes vacacionales como el de las \u00faltimas dos semanas a finales de abril e inicios de mayo los d\u00edas aprovechables.<\/p>\n<p>Se menciona que\u00a0del ciclo escolar son apenas menos de la mitad del a\u00f1o.<\/p>\n<p>As\u00ed como\u00a0con ello se inhibe el avance en la ense\u00f1anza de los estudiantes de preescolar, primaria y secundaria, advirti\u00f3 Acosta Manzanero.<\/p>\n<p>\u201cLos puentes no colaboran, desafortunadamente el calendario en este ciclo escolar especialmente se ha dado con muchos puentes\u201d.<\/p>\n<p>\u201cAs\u00ed como que pr\u00e1cticamente el calendario dice 200 d\u00edas de estudios de los 365 d\u00edas naturales que tenemos.<\/p>\n<p>\u201cAdem\u00e1s\u00a0ahora desafortunadamente se van a dar s\u00f3lo unos 178 d\u00edas.<\/p>\n<p>\u201cEl cual\u00a0no ayuda porque pr\u00e1cticamente m\u00e1s del 50 por ciento del a\u00f1o no estamos en las escuelas\u201d.<\/p>\n<p>A pesar de ello la expectativa es que en 2026 puedan alcanzar un 85 por ciento de aprovechamiento y reducir con ello a s\u00f3lo el 15 por ciento el rezago.<\/p>\n<p>Adem\u00e1s que para esa meta se encaminan a establecer una coordinaci\u00f3n con las autoridades educativas y profesores para aprovechar en lo posible los d\u00edas.<\/p>\n<p>As\u00ed como de las horas escolares, y establecer alg\u00fan calendario de recuperaci\u00f3n, indic\u00f3.<\/p>\n","protected":false},"excerpt":{"rendered":"<p>Para el caso de matem\u00e1ticas el rezago representa un 62 por ciento, contra 38% de aprovechamiento; mientras que en lectura el atraso es de 58%. En el presente ciclo escolar \u2014primero en la modalidad escolarizada despu\u00e9s de la pandemia de Covid-19\u2014. El cual se ha logrado incrementar 18 puntos porcentuales de aprovechamiento que se manten\u00eda [&hellip;]<\/p>\n","protected":false},"author":1,"featured_media":15545,"comment_status":"open","ping_status":"closed","sticky":false,"template":"","format":"standard","meta":{"footnotes":""},"categories":[10],"tags":[],"class_list":["post-15543","post","type-post","status-publish","format-standard","has-post-thumbnail","hentry","category-quintana-roo"],"_links":{"self":[{"href":"https:\/\/podernacional.com\/index.php?rest_route=\/wp\/v2\/posts\/15543","targetHints":{"allow":["GET"]}}],"collection":[{"href":"https:\/\/podernacional.com\/index.php?rest_route=\/wp\/v2\/posts"}],"about":[{"href":"https:\/\/podernacional.com\/index.php?rest_route=\/wp\/v2\/types\/post"}],"author":[{"embeddable":true,"href":"https:\/\/podernacional.com\/index.php?rest_route=\/wp\/v2\/users\/1"}],"replies":[{"embeddable":true,"href":"https:\/\/podernacional.com\/index.php?rest_route=%2Fwp%2Fv2%2Fcomments&post=15543"}],"version-history":[{"count":1,"href":"https:\/\/podernacional.com\/index.php?rest_route=\/wp\/v2\/posts\/15543\/revisions"}],"predecessor-version":[{"id":15544,"href":"https:\/\/podernacional.com\/index.php?rest_route=\/wp\/v2\/posts\/15543\/revisions\/15544"}],"wp:featuredmedia":[{"embeddable":true,"href":"https:\/\/podernacional.com\/index.php?rest_route=\/wp\/v2\/media\/15545"}],"wp:attachment":[{"href":"https:\/\/podernacional.com\/index.php?rest_route=%2Fwp%2Fv2%2Fmedia&parent=15543"}],"wp:term":[{"taxonomy":"category","embeddable":true,"href":"https:\/\/podernacional.com\/index.php?rest_route=%2Fwp%2Fv2%2Fcategories&post=15543"},{"taxonomy":"post_tag","embeddable":true,"href":"https:\/\/podernacional.com\/index.php?rest_route=%2Fwp%2Fv2%2Ftags&post=15543"}],"curies":[{"name":"wp","href":"https:\/\/api.w.org\/{rel}","templated":true}]}}