{"id":15604,"date":"2023-05-11T18:22:55","date_gmt":"2023-05-11T23:22:55","guid":{"rendered":"https:\/\/podernacional.com\/?p=15604"},"modified":"2023-05-11T23:22:56","modified_gmt":"2023-05-11T23:22:56","slug":"el-festival-mestiza-prepara-su-quinta-version-bajo-la-consigna-creadoras-en-accion-descentralizando-la-centralizacion","status":"publish","type":"post","link":"https:\/\/podernacional.com\/?p=15604","title":{"rendered":"El Festival Mestiza prepara su quinta versi\u00f3n, bajo la consigna \u201cCreadoras en Acci\u00f3n, descentralizando la centralizaci\u00f3n\u201d"},"content":{"rendered":"<h4>La Corporaci\u00f3n Cultural de La Pintana en alianza con el Festival Mestiza en su quinta versi\u00f3n y bajo la consigna.<\/h4>\n<p>Las cuales\u00a0\u201cCreadoras en Acci\u00f3n, descentralizando la centralizaci\u00f3n\u201d \u00a0ofrecer\u00e1n una programaci\u00f3n gratuita.<\/p>\n<p>As\u00ed como de\u00a0in\u00e9dita en la comuna de La Pintana para toda la Regi\u00f3n Metropolitana entre los meses de Mayo y Agosto.<\/p>\n<p>Destacar que las funciones y los talleres ser\u00e1n todos realizados en El Teatro Municipal de la Pintana ubicado en Santa Rosa 12.975, La Pintana.<\/p>\n<p>El proyecto consiste en formar cuatro duplas, conformadas cada una por una artista nacional y una artista iberoamericana.<\/p>\n<p>Ser\u00e1n cuatro encuentros, donde cada una presentar\u00e1 su espect\u00e1culo\/ performance.<\/p>\n<p>Adem\u00e1s de que\u00a0dictar\u00e1n un taller en conjunto, elaborado entre ambas previamente de forma online, creando de esta manera una vinculaci\u00f3n.<\/p>\n<p>As\u00ed como del puente que las acercar\u00e1 para que compartan metodolog\u00edas de trabajo, procesos y sus experiencias art\u00edsticas a lo largo de sus carreras.<\/p>\n<h4>Finalmente ambas artistas participar\u00e1n de un conversatorio donde coloquialmente abordar\u00e1n la experiencia de haberse vinculado.<\/h4>\n<p>Adem\u00e1s de que\u00a0nos contar\u00e1n sobre sus trayectorias y metodolog\u00edas de trabajo.<\/p>\n<p>El Festival Mestiza y la Corporaci\u00f3n Cultural de La Pintana se adjudican el fondo Iberescena 2023.<\/p>\n<p>As\u00ed como de estar\u00a0posibilitando la ejecuci\u00f3n del Festival Mestiza 2023:<\/p>\n<p>\u201cCreadoras en Acci\u00f3n, primer ciclo de artistas iberoamericanas en escena en La Pintana\u201d.<\/p>\n<p>Al igual de que contempla la participaci\u00f3n de artistas de Per\u00fa, Ecuador, Argentina, Colombia y Chile.<\/p>\n<p>La Corporaci\u00f3n Cultural de la Pintana encabezada por Ver\u00f3nica Tapia, directora ejecutiva.<\/p>\n<p>La cual\u00a0acoge esta iniciativa art\u00edstico cultural con el objetivo de acercar al p\u00fablico, pintanino y capitalino.<\/p>\n<p>As\u00ed como\u00a0a espacios de transformaci\u00f3n, di\u00e1logo y reflexi\u00f3n a trav\u00e9s de la programaci\u00f3n de obras esc\u00e9nicas de gran calidad cuyo motor es la mujer.<\/p>\n<p>\u201cSo\u00f1amos este Ciclo en conjunto con la Corporaci\u00f3n Cultural de La Pintana\u201d.<\/p>\n<p>\u201cAqu\u00ed nos encontramos con un equipo que trabaja arduamente por desarrollar audiencias y transformar las vidas de las y los pintaninos\u201d.<\/p>\n<p>Esto\u00a0a trav\u00e9s del arte y la cultura. Con el Ciclo Creadoras en Acci\u00f3n, que releva a la mujer y su mirada, nos sumamos activamente a esta tarea\u201d.<\/p>\n<p>La cual comenta Ver\u00f3nica Moraga, Directora Art\u00edstica del Festival Mestiza.<\/p>\n","protected":false},"excerpt":{"rendered":"<p>La Corporaci\u00f3n Cultural de La Pintana en alianza con el Festival Mestiza en su quinta versi\u00f3n y bajo la consigna. Las cuales\u00a0\u201cCreadoras en Acci\u00f3n, descentralizando la centralizaci\u00f3n\u201d \u00a0ofrecer\u00e1n una programaci\u00f3n gratuita. As\u00ed como de\u00a0in\u00e9dita en la comuna de La Pintana para toda la Regi\u00f3n Metropolitana entre los meses de Mayo y Agosto. Destacar que las [&hellip;]<\/p>\n","protected":false},"author":1,"featured_media":15606,"comment_status":"open","ping_status":"closed","sticky":false,"template":"","format":"standard","meta":{"footnotes":""},"categories":[2],"tags":[],"class_list":["post-15604","post","type-post","status-publish","format-standard","has-post-thumbnail","hentry","category-cultural"],"_links":{"self":[{"href":"https:\/\/podernacional.com\/index.php?rest_route=\/wp\/v2\/posts\/15604","targetHints":{"allow":["GET"]}}],"collection":[{"href":"https:\/\/podernacional.com\/index.php?rest_route=\/wp\/v2\/posts"}],"about":[{"href":"https:\/\/podernacional.com\/index.php?rest_route=\/wp\/v2\/types\/post"}],"author":[{"embeddable":true,"href":"https:\/\/podernacional.com\/index.php?rest_route=\/wp\/v2\/users\/1"}],"replies":[{"embeddable":true,"href":"https:\/\/podernacional.com\/index.php?rest_route=%2Fwp%2Fv2%2Fcomments&post=15604"}],"version-history":[{"count":1,"href":"https:\/\/podernacional.com\/index.php?rest_route=\/wp\/v2\/posts\/15604\/revisions"}],"predecessor-version":[{"id":15605,"href":"https:\/\/podernacional.com\/index.php?rest_route=\/wp\/v2\/posts\/15604\/revisions\/15605"}],"wp:featuredmedia":[{"embeddable":true,"href":"https:\/\/podernacional.com\/index.php?rest_route=\/wp\/v2\/media\/15606"}],"wp:attachment":[{"href":"https:\/\/podernacional.com\/index.php?rest_route=%2Fwp%2Fv2%2Fmedia&parent=15604"}],"wp:term":[{"taxonomy":"category","embeddable":true,"href":"https:\/\/podernacional.com\/index.php?rest_route=%2Fwp%2Fv2%2Fcategories&post=15604"},{"taxonomy":"post_tag","embeddable":true,"href":"https:\/\/podernacional.com\/index.php?rest_route=%2Fwp%2Fv2%2Ftags&post=15604"}],"curies":[{"name":"wp","href":"https:\/\/api.w.org\/{rel}","templated":true}]}}