{"id":15613,"date":"2023-05-11T18:27:45","date_gmt":"2023-05-11T23:27:45","guid":{"rendered":"https:\/\/podernacional.com\/?p=15613"},"modified":"2023-05-11T23:27:46","modified_gmt":"2023-05-11T23:27:46","slug":"zona-arqueologica-de-tulum-cerrara-la-proxima-semana","status":"publish","type":"post","link":"https:\/\/podernacional.com\/?p=15613","title":{"rendered":"Zona arqueol\u00f3gica de Tulum cerrar\u00e1 la pr\u00f3xima semana"},"content":{"rendered":"<h4>Invitan a visitantes a descubrir otros sitios prehisp\u00e1nicos de Quintana Roo<\/h4>\n<p>El Instituto Nacional de Antropolog\u00eda e Historia (INAH) de Quintana Roo inform\u00f3 que la zona arqueol\u00f3gica de Tulum.<\/p>\n<p>La cual permanecer\u00e1 cerrada al p\u00fablico a partir del pr\u00f3ximo lunes 15 y hasta el d\u00eda 22 de mayo.<\/p>\n<p>El cierre obedece a los trabajos del Programa de Mejoramiento de Zonas Arqueol\u00f3gicas (Promeza).<\/p>\n<p>Adem\u00e1s de que lleva a cabo el instituto en diversos vestigios de la Pen\u00ednsula de Yucat\u00e1n.<\/p>\n<p>Incluye acciones de investigaci\u00f3n, conservaci\u00f3n, infraestructura y servicios en 26 sitios: 10 de Quintana Roo, 10 de Yucat\u00e1n.<\/p>\n<p>As\u00ed como de cuatro de Campeche, uno en Chiapas y uno en Tabasco.<\/p>\n<p>\u201cDebido al inicio de mejoramiento de la infraestructura de servicios que ofrece la zona arqueol\u00f3gica de Tulum a los visitantes\u201d.<\/p>\n<h4>Adem\u00e1s del cual est\u00e1 considerado dentro del programa presidencial Promeza, y las obras del Parque del Jaguar.<\/h4>\n<p>Por ende\u00a0les informamos que la zona arqueol\u00f3gica de Tulum cerrar\u00e1 la visita al p\u00fablico del d\u00eda 15 al 22 de mayo.<\/p>\n<p>Lo cual es\u00a0debido a las mencionadas obras\u201d, inform\u00f3 la delegaci\u00f3n del INAH en Quintana Roo en un comunicado.<\/p>\n<p>La raz\u00f3n del cierre es prevenir cualquier accidente debido a la circulaci\u00f3n de maquinaria pesada.<\/p>\n<p>As\u00ed como de\u00a0camiones en esta fase de reconstrucci\u00f3n de la infraestructura del lugar.<\/p>\n<p>Cabe recordar que la zona arqueol\u00f3gica de Tulum es parte del Parque Nacional Tulum, que se integrar\u00e1 al Parque Nacional del Jaguar.<\/p>\n<p>As\u00ed como de la\u00a0reserva decretada a nivel federal el a\u00f1o pasado con una superficie superior a las mil hect\u00e1reas.<\/p>\n<p>Por \u00faltimo, el INAH invita a que, ante el cierre de Tulum, los visitantes descubran otras zonas arqueol\u00f3gicas de Quintana Roo.<\/p>\n<p>En el mismo municipio est\u00e1n Xel H\u00e1, Cob\u00e1 y en el vecino Felipe Carrillo Puerto, Muyil.<\/p>\n","protected":false},"excerpt":{"rendered":"<p>Invitan a visitantes a descubrir otros sitios prehisp\u00e1nicos de Quintana Roo El Instituto Nacional de Antropolog\u00eda e Historia (INAH) de Quintana Roo inform\u00f3 que la zona arqueol\u00f3gica de Tulum. La cual permanecer\u00e1 cerrada al p\u00fablico a partir del pr\u00f3ximo lunes 15 y hasta el d\u00eda 22 de mayo. El cierre obedece a los trabajos del [&hellip;]<\/p>\n","protected":false},"author":1,"featured_media":15615,"comment_status":"open","ping_status":"closed","sticky":false,"template":"","format":"standard","meta":{"footnotes":""},"categories":[10],"tags":[],"class_list":["post-15613","post","type-post","status-publish","format-standard","has-post-thumbnail","hentry","category-quintana-roo"],"_links":{"self":[{"href":"https:\/\/podernacional.com\/index.php?rest_route=\/wp\/v2\/posts\/15613","targetHints":{"allow":["GET"]}}],"collection":[{"href":"https:\/\/podernacional.com\/index.php?rest_route=\/wp\/v2\/posts"}],"about":[{"href":"https:\/\/podernacional.com\/index.php?rest_route=\/wp\/v2\/types\/post"}],"author":[{"embeddable":true,"href":"https:\/\/podernacional.com\/index.php?rest_route=\/wp\/v2\/users\/1"}],"replies":[{"embeddable":true,"href":"https:\/\/podernacional.com\/index.php?rest_route=%2Fwp%2Fv2%2Fcomments&post=15613"}],"version-history":[{"count":1,"href":"https:\/\/podernacional.com\/index.php?rest_route=\/wp\/v2\/posts\/15613\/revisions"}],"predecessor-version":[{"id":15614,"href":"https:\/\/podernacional.com\/index.php?rest_route=\/wp\/v2\/posts\/15613\/revisions\/15614"}],"wp:featuredmedia":[{"embeddable":true,"href":"https:\/\/podernacional.com\/index.php?rest_route=\/wp\/v2\/media\/15615"}],"wp:attachment":[{"href":"https:\/\/podernacional.com\/index.php?rest_route=%2Fwp%2Fv2%2Fmedia&parent=15613"}],"wp:term":[{"taxonomy":"category","embeddable":true,"href":"https:\/\/podernacional.com\/index.php?rest_route=%2Fwp%2Fv2%2Fcategories&post=15613"},{"taxonomy":"post_tag","embeddable":true,"href":"https:\/\/podernacional.com\/index.php?rest_route=%2Fwp%2Fv2%2Ftags&post=15613"}],"curies":[{"name":"wp","href":"https:\/\/api.w.org\/{rel}","templated":true}]}}