{"id":15625,"date":"2023-05-11T19:28:22","date_gmt":"2023-05-12T00:28:22","guid":{"rendered":"https:\/\/podernacional.com\/?p=15625"},"modified":"2023-05-12T00:28:38","modified_gmt":"2023-05-12T00:28:38","slug":"impactante-descubrimiento-el-adn-revela-la-verdadera-historia-sobre-el-impacto-del-cambio-climatico-en-la-poblacion-del-mexico-prehispanico-no-creeras-lo-que-encontraron-los-cientificos","status":"publish","type":"post","link":"https:\/\/podernacional.com\/?p=15625","title":{"rendered":"\u00a1Impactante descubrimiento! El ADN revela la verdadera historia sobre el impacto del cambio clim\u00e1tico en la poblaci\u00f3n del M\u00e9xico prehisp\u00e1nico. \u00a1No creer\u00e1s lo que encontraron los cient\u00edficos! Desc\u00fabrelo aqu\u00ed."},"content":{"rendered":"<h4 class=\"article-header__subheading\" style=\"text-align: center;\">Un estudio gen\u00e9tico saca a la luz una continuidad poblacional en la frontera norte de Mesoam\u00e9rica a pesar de las intensas sequ\u00edas de hace 1.100 a\u00f1os<\/h4>\n<p id=\"paragraph_1\" class=\"paragraph\" data-mrf-recirculation=\"links-parrafos\">Antes de la llegada de los europeos, el territorio que hoy en d\u00eda abarca M\u00e9xico fue el h\u00e1bitat de diversas civilizaciones, una regi\u00f3n divivida en dos \u00e1reas principales: la des\u00e9rtica\u00a0<strong>Aridoam\u00e9rica<\/strong>, al norte, donde se asentaron fundamentalmente grupos de cazadores-recolectores; y la verde\u00a0<strong>Mesoam\u00e9rica<\/strong>, en el centro y al sur, donde florecieron entre 2500 a.C. y 1521 d.C. algunas de las principales sociedades agr\u00edcolas del Nuevo Mundo,\u00a0como los mayas\u00a0o los aztecas. La distinci\u00f3n entre ambas zonas se ha basado en los rasgos culturales, las estrategias de supervivencia de estas comunidades y aspectos ecol\u00f3gicos.<\/p>\n<p class=\"paragraph\" data-mrf-recirculation=\"links-parrafos\">Entre los a\u00f1os 900 y 1300 de la era com\u00fan, se registraron\u00a0<strong>una serie de megasequ\u00edas<\/strong>\u00a0que duraron d\u00e9cadas y provocaron el desplazamiento hacia el sur la frontera entre ambas zonas, seg\u00fan se aprecia\u00a0en el registro arqueol\u00f3gico. Hasta ahora se cre\u00eda que este cambio clim\u00e1tico del llamado Per\u00edodo C\u00e1lido Medieval hab\u00eda reconfigurado\u00a0<strong>la demograf\u00eda de las civilizaciones prehisp\u00e1nicas<\/strong>\u00a0mediante la sustituci\u00f3n de poblaciones en la frontera norte de Mesoam\u00e9rica: la migraci\u00f3n hacia el sur de los n\u00f3madas chichimecas precipit\u00f3 la ca\u00edda de algunas de estas sociedades m\u00e1s meridionales y ricas y el abandono de sus ciudades.<\/p>\n<p class=\"paragraph\" data-mrf-recirculation=\"links-parrafos\">Pero un nuevo estudio gen\u00e9tico realizado por un equipo internacional de investigadores y cuyos resultados se han publicado este jueves en la revista\u00a0<em>Science<\/em>\u00a0arroja otra historia diferente: \u00abLos genomas antiguos revelan\u00a0<strong>una conservaci\u00f3n de la estructura gen\u00e9tica<\/strong>\u00a0en M\u00e9xico durante los \u00faltimos 1.400 a\u00f1os y una continuidad poblacional en la frontera norte de Mesoam\u00e9rica a pesar\u00a0de las intesas sequ\u00edas\u00a0de hace 1.100 a\u00f1os\u00bb, resumen los cient\u00edficos.<\/p>\n<p id=\"paragraph_4\" class=\"paragraph\" data-mrf-recirculation=\"links-parrafos\" data-gtm-vis-first-on-screen-1664348_107=\"120975\" data-gtm-vis-total-visible-time-1664348_107=\"100\" data-gtm-vis-has-fired-1664348_107=\"1\" data-gtm-vis-first-on-screen-1664348_111=\"120986\" data-gtm-vis-total-visible-time-1664348_111=\"100\" data-gtm-vis-has-fired-1664348_111=\"1\">El trabajo, liderado por Viridiana Villa-Islas, de la Universidad Nacional Aut\u00f3noma de M\u00e9xico, persegu\u00eda dar una respuesta m\u00e1s precisa a esos cambio sociales que los arque\u00f3logos llevan d\u00e9cadas abordando: \u00bflas modificaciones del poblamiento fueron producto de una migraci\u00f3n o de un proceso de aculturaci\u00f3n? Para ello trataron de\u00a0<strong>recuperar ADN de\u00a037 individuos<\/strong> hallados en siete yacimientos del centro de M\u00e9xico \u2014en los estados de Quer\u00e9taro, Michoac\u00e1n y Guanajuato\u2014 y otro ubicado en la\u00a0Sierra Tarahumara, en esa frontera cambiante entre Aridoam\u00e9rica y Mesoam\u00e9rica. Los cient\u00edficos fueron capaces de obtener informaci\u00f3n sobre el genoma de 12 de las personas analizadas, datadas entre 600-1351 d.C., a las que se han sumado otros ejemplos publicados previamente.<\/p>\n<p class=\"paragraph\" data-mrf-recirculation=\"links-parrafos\">\u00abHemos documentado continuidad gen\u00e9tica en los individuos antiguos de antes y despu\u00e9s del episodio del cambio clim\u00e1tico\u00bb, explican los investigadores. \u00abEsto\u00a0<strong>contradice la hip\u00f3tesis del reemplazo poblacional<\/strong>\u00a0por grupos de Aridoam\u00e9rica en esta regi\u00f3n y sugiere que las comunidades locales permanecieron en su tierra natal a pesar de las sequ\u00edas prolongadas\u00bb. A\u00f1aden que esa continuidad en los sitios estudiados se pudo deber a su emplazamiento favorable a lo largo de las monta\u00f1as elevadas y h\u00famedas de Sierra Gorda y a que su principal actividad econ\u00f3mica fue la miner\u00eda y el comercio de cinabrio, un mineral con valor sagrado, no la agricultura.<\/p>\n<p id=\"paragraph_7\" class=\"paragraph\" data-mrf-recirculation=\"links-parrafos\" data-gtm-vis-recent-on-screen-1664348_109=\"124492\" data-gtm-vis-first-on-screen-1664348_109=\"124492\" data-gtm-vis-total-visible-time-1664348_109=\"100\" data-gtm-vis-has-fired-1664348_109=\"1\">En el estudio, los cient\u00edficos explican que tambi\u00e9n han identificado la contribuci\u00f3n de\u00a0<strong>dos linajes gen\u00e9ticos \u00abfantasma\u00bb<\/strong>\u00a0no muestreados hasta el momento a las poblaciones prehisp\u00e1nicas del M\u00e9xico septentrional y central. Los nuevos hallazgos, seg\u00fan la valoraci\u00f3n de los autores del trabajo,\u00a0prueban que los acontecimientos demogr\u00e1ficos que dieron origen a las poblaciones aridoamericanas y mesoamericanas son m\u00e1s complejos que lo que se pensaba previamente. \u00abLas rutas comerciales pudieron haber contribuido a un aumento de la movilidad, facilitando el intercambio gen\u00e9tico entre varias \u00e1reas culturales\u00bb, escriben en las conclusiones.<\/p>\n<div class=\"follow-topics-title\"><\/div>\n","protected":false},"excerpt":{"rendered":"<p>Un estudio gen\u00e9tico saca a la luz una continuidad poblacional en la frontera norte de Mesoam\u00e9rica a pesar de las intensas sequ\u00edas de hace 1.100 a\u00f1os Antes de la llegada de los europeos, el territorio que hoy en d\u00eda abarca M\u00e9xico fue el h\u00e1bitat de diversas civilizaciones, una regi\u00f3n divivida en dos \u00e1reas principales: la [&hellip;]<\/p>\n","protected":false},"author":1,"featured_media":15627,"comment_status":"open","ping_status":"closed","sticky":false,"template":"","format":"standard","meta":{"footnotes":""},"categories":[7],"tags":[],"class_list":["post-15625","post","type-post","status-publish","format-standard","has-post-thumbnail","hentry","category-nacional"],"_links":{"self":[{"href":"https:\/\/podernacional.com\/index.php?rest_route=\/wp\/v2\/posts\/15625","targetHints":{"allow":["GET"]}}],"collection":[{"href":"https:\/\/podernacional.com\/index.php?rest_route=\/wp\/v2\/posts"}],"about":[{"href":"https:\/\/podernacional.com\/index.php?rest_route=\/wp\/v2\/types\/post"}],"author":[{"embeddable":true,"href":"https:\/\/podernacional.com\/index.php?rest_route=\/wp\/v2\/users\/1"}],"replies":[{"embeddable":true,"href":"https:\/\/podernacional.com\/index.php?rest_route=%2Fwp%2Fv2%2Fcomments&post=15625"}],"version-history":[{"count":1,"href":"https:\/\/podernacional.com\/index.php?rest_route=\/wp\/v2\/posts\/15625\/revisions"}],"predecessor-version":[{"id":15626,"href":"https:\/\/podernacional.com\/index.php?rest_route=\/wp\/v2\/posts\/15625\/revisions\/15626"}],"wp:featuredmedia":[{"embeddable":true,"href":"https:\/\/podernacional.com\/index.php?rest_route=\/wp\/v2\/media\/15627"}],"wp:attachment":[{"href":"https:\/\/podernacional.com\/index.php?rest_route=%2Fwp%2Fv2%2Fmedia&parent=15625"}],"wp:term":[{"taxonomy":"category","embeddable":true,"href":"https:\/\/podernacional.com\/index.php?rest_route=%2Fwp%2Fv2%2Fcategories&post=15625"},{"taxonomy":"post_tag","embeddable":true,"href":"https:\/\/podernacional.com\/index.php?rest_route=%2Fwp%2Fv2%2Ftags&post=15625"}],"curies":[{"name":"wp","href":"https:\/\/api.w.org\/{rel}","templated":true}]}}