{"id":15679,"date":"2023-05-13T17:36:48","date_gmt":"2023-05-13T22:36:48","guid":{"rendered":"https:\/\/podernacional.com\/?p=15679"},"modified":"2023-05-13T22:36:49","modified_gmt":"2023-05-13T22:36:49","slug":"evanescence-y-the-flaming-lips-llegaran-al-festival-pulso-gnp-2023-en-queretaro","status":"publish","type":"post","link":"https:\/\/podernacional.com\/?p=15679","title":{"rendered":"Evanescence y The Flaming Lips llegar\u00e1n al festival Pulso GNP 2023 en Quer\u00e9taro"},"content":{"rendered":"<h4>La cuarta edici\u00f3n del festival se llevar\u00e1 a cabo el pr\u00f3ximo 7 de octubre en el Aut\u00f3dromo de Quer\u00e9taro<\/h4>\n<p>En marzo de este 2023 se anunci\u00f3 que la cuarta edici\u00f3n del Festival Pulso GNP 2023 ser\u00eda pospuesta, el evento.<\/p>\n<p>El cual est\u00e1\u00a0(programado inicialmente para mayo) dio a conocer el cambio de fecha para el pr\u00f3ximo mes de octubre.<\/p>\n<p>Finalmente este 12 de mayo la organizaci\u00f3n del evento masivo revel\u00f3 el d\u00eda en el que se llevar\u00e1 a cabo Pulso GNP.<\/p>\n<p>La cita ser\u00e1 el s\u00e1bado 7 de octubre en el Aut\u00f3dromo de Quer\u00e9taro, localizado en El Marqu\u00e9s, Quer\u00e9taro.<\/p>\n<p>El festival adelant\u00f3 que la audiencia podr\u00e1 difrutar de:<\/p>\n<p>\u201cUna experiencia mejorada, creada con el principal objetivo de celebrar y conectar con lo que m\u00e1s disfrutamos en la vida\u201d.<\/p>\n<h4>Cartel completo del festival Pulso GNP 2023<\/h4>\n<p>El nuevo line up fue revelado y est\u00e1 conformado por bandas contempor\u00e1neas.<\/p>\n<p>As\u00ed como por artistas legendarios que tras varios a\u00f1os de ausencia volver\u00e1n a nuestro pa\u00eds.<\/p>\n<p>El talento que recibir\u00e1n los escenarios de Quer\u00e9taro es nacional e internacional, con representantes de Estados Unidos, Espa\u00f1a, Colombia, Puerto Rico y Venezuela.<\/p>\n<p>Adriel Favela, Allison, Austin Tv, Capital Cities, Clubz, Diamante El\u00e9ctrico, Divisi\u00f3n Min\u00fascula, Evanescence, Gera Mx, Le\u00f3n Benavente, Lasso.<\/p>\n<p>As\u00ed como de:\u00a0Los Dynamite, Morat, Los Muchachos, Michelle Maciel, Midnight Generation, Moenia, Morat, Sebast\u00e1n Yatra, Siddhartha y The Flaming Lips.<\/p>\n<p>Tambi\u00e9n es importante recalcar que adem\u00e1s de la m\u00fasica, los asistentes podr\u00e1n vivir todo un d\u00eda de experiencias.<\/p>\n<p>Esto\u00a0con una gran oferta gastron\u00f3mica, muestras culturales oriundas del estado, zonas l\u00fadicas y de descanso, activaciones.<\/p>\n<p>Al igual que\u00a0escenarios alternos como Casa Comedy, con exponentes de la comedia actual.<\/p>\n<p>Las entradas para el festival estar\u00e1na a la venta a partir del lunes 15 de mayo.<\/p>\n<p>El cual en Preventa Citibanamex a las 14:00 hrs por medio de Eticket.<\/p>\n<p>Mientras que la venta general comenzar\u00e1 el martes 16 de mayo a la misma hora.<\/p>\n<p>&#8211; Plus Fase 1: 2 mil 355 pesos<\/p>\n<p>&#8211; General Fase 1: mil 80 pesos<\/p>\n<p>Acerca de los boletos ya adquiridos para la fecha anterior, los organizadores confirmaron que ser\u00e1n completamente v\u00e1lidas para el festival del 7 de octubre.<\/p>\n<p>De igual manera quienes deseen solicitar su reembolso podr\u00e1 hacerlo, solamente es necesario mandar un correo a informes@eticket.com.mx o llamar al tel\u00e9fono 442 223 0423.<\/p>\n<h4>Evanescence y The Flaming Lips regresar\u00e1n a M\u00e9xico<\/h4>\n<p>Cabe recordar que este evento marcar\u00eda el regreso de Evanescence a M\u00e9xico.<\/p>\n<p>Esto pues en noviembre de 2019 su participaci\u00f3n fue cancelada en el extinto festival de m\u00fasica Knot meets Force Fest.<\/p>\n<p>Tras el incidente registrado al interior del Deportivo Ocean\u00eda en la alcald\u00eda Venustiano Carranza.<\/p>\n<p>Esto\u00a0cuando el p\u00fablico termin\u00f3 derribando la valla de seguridad que divid\u00eda la zona general del \u00e1rea VIP y el escenario.<\/p>\n<p>Finalmente se desat\u00f3 un zafarrancho incontrolable.<\/p>\n<p>Por ende\u00a0los organizadores optaron por suspender la presentaci\u00f3n de las bandas estelares (Evanescence y Slipknot).<\/p>\n<p>As\u00ed como por lo que un grupo de personas enfurecidos, subieron al escenario, en donde ya se encontraban los instrumentos de Evanescence.<\/p>\n<p>Tomaron la bater\u00eda y la bajaron, para juntarla con basura y prenderle fuego.<\/p>\n","protected":false},"excerpt":{"rendered":"<p>La cuarta edici\u00f3n del festival se llevar\u00e1 a cabo el pr\u00f3ximo 7 de octubre en el Aut\u00f3dromo de Quer\u00e9taro En marzo de este 2023 se anunci\u00f3 que la cuarta edici\u00f3n del Festival Pulso GNP 2023 ser\u00eda pospuesta, el evento. El cual est\u00e1\u00a0(programado inicialmente para mayo) dio a conocer el cambio de fecha para el pr\u00f3ximo [&hellip;]<\/p>\n","protected":false},"author":1,"featured_media":15681,"comment_status":"open","ping_status":"closed","sticky":false,"template":"","format":"standard","meta":{"footnotes":""},"categories":[4],"tags":[],"class_list":["post-15679","post","type-post","status-publish","format-standard","has-post-thumbnail","hentry","category-espectaculos"],"_links":{"self":[{"href":"https:\/\/podernacional.com\/index.php?rest_route=\/wp\/v2\/posts\/15679","targetHints":{"allow":["GET"]}}],"collection":[{"href":"https:\/\/podernacional.com\/index.php?rest_route=\/wp\/v2\/posts"}],"about":[{"href":"https:\/\/podernacional.com\/index.php?rest_route=\/wp\/v2\/types\/post"}],"author":[{"embeddable":true,"href":"https:\/\/podernacional.com\/index.php?rest_route=\/wp\/v2\/users\/1"}],"replies":[{"embeddable":true,"href":"https:\/\/podernacional.com\/index.php?rest_route=%2Fwp%2Fv2%2Fcomments&post=15679"}],"version-history":[{"count":1,"href":"https:\/\/podernacional.com\/index.php?rest_route=\/wp\/v2\/posts\/15679\/revisions"}],"predecessor-version":[{"id":15680,"href":"https:\/\/podernacional.com\/index.php?rest_route=\/wp\/v2\/posts\/15679\/revisions\/15680"}],"wp:featuredmedia":[{"embeddable":true,"href":"https:\/\/podernacional.com\/index.php?rest_route=\/wp\/v2\/media\/15681"}],"wp:attachment":[{"href":"https:\/\/podernacional.com\/index.php?rest_route=%2Fwp%2Fv2%2Fmedia&parent=15679"}],"wp:term":[{"taxonomy":"category","embeddable":true,"href":"https:\/\/podernacional.com\/index.php?rest_route=%2Fwp%2Fv2%2Fcategories&post=15679"},{"taxonomy":"post_tag","embeddable":true,"href":"https:\/\/podernacional.com\/index.php?rest_route=%2Fwp%2Fv2%2Ftags&post=15679"}],"curies":[{"name":"wp","href":"https:\/\/api.w.org\/{rel}","templated":true}]}}