{"id":15682,"date":"2023-05-13T17:39:30","date_gmt":"2023-05-13T22:39:30","guid":{"rendered":"https:\/\/podernacional.com\/?p=15682"},"modified":"2023-05-13T22:39:31","modified_gmt":"2023-05-13T22:39:31","slug":"detienen-a-jefe-de-plaza-de-quintana-roo-del-cartel-del-pacifico","status":"publish","type":"post","link":"https:\/\/podernacional.com\/?p=15682","title":{"rendered":"Detienen a jefe de plaza de Quintana Roo del C\u00e1rtel del Pacifico"},"content":{"rendered":"<h4>\u2018El 15\u2019 cuenta con cuatro \u00f3rdenes de aprehensi\u00f3n por homicidio, tentativa de homicidio y delitos contra la salud tanto en Quintana Roo como en Chihuahua<\/h4>\n<p>Elementos de la Unidad de Operaciones Especiales de la Armada de M\u00e9xico (Semar) en coordinaci\u00f3n con labores de inteligencia.<\/p>\n<p>Adem\u00e1s de que\u00a0lograron la detenci\u00f3n de H\u00e9ctor El\u00edas Flores Aceves al\u00edas \u2018El 15\u2019, \u2018Secre\u2019, \u2018Pantera\u2019 o \u2018Rey\u2019.<\/p>\n<p>Esto al igual de\u00a0quien presuntamente habr\u00eda sido se\u00f1alado como el jefe de plaza en Canc\u00fan, Quintana Roo, del C\u00e1rtel del Pac\u00edfico.<\/p>\n<p>La Semar detall\u00f3 que tras labores de inteligencia, localizaron al detenido en un establecimiento cl\u00ednico en el centro de Guam\u00fachil.<\/p>\n<p>Ubicado en\u00a0Sinaloa, donde se realizaba ex\u00e1menes para una cirug\u00eda.<\/p>\n<h4>\u2018El 15\u2019 cuenta con cuatro \u00f3rdenes de aprehensi\u00f3n por los delitos de homicidio.<\/h4>\n<p>El cual tiene\u00a0tentativa de homicidio y delitos contra la salud tanto en Quintana Roo como en Chihuahua.<\/p>\n<p>Las autoridades detallaron que las actividades il\u00edcitas del detenido eran desde el trasiego de estupefacientes, ejecuciones, secuestros y extorsiones.<\/p>\n<p>Adem\u00e1s de que dichas actividades est\u00e1n relacionadas a nivel nacional con \u2018Los Chapitos\u2019, encabezada por los hijos de Joaqu\u00edn \u2018El Chapo\u2018 Guzm\u00e1n.<\/p>\n<p>El detenido es considerado como uno de los principales generadores de violencia en el estado de Quintana Roo.<\/p>\n<p>As\u00ed como\u00a0a quien se le atribuyen los hechos delictivos perpetrados en el Bar Deja V\u00fa y en diversos establecimientos.<\/p>\n","protected":false},"excerpt":{"rendered":"<p>\u2018El 15\u2019 cuenta con cuatro \u00f3rdenes de aprehensi\u00f3n por homicidio, tentativa de homicidio y delitos contra la salud tanto en Quintana Roo como en Chihuahua Elementos de la Unidad de Operaciones Especiales de la Armada de M\u00e9xico (Semar) en coordinaci\u00f3n con labores de inteligencia. Adem\u00e1s de que\u00a0lograron la detenci\u00f3n de H\u00e9ctor El\u00edas Flores Aceves al\u00edas [&hellip;]<\/p>\n","protected":false},"author":1,"featured_media":15684,"comment_status":"open","ping_status":"closed","sticky":false,"template":"","format":"standard","meta":{"footnotes":""},"categories":[10],"tags":[],"class_list":["post-15682","post","type-post","status-publish","format-standard","has-post-thumbnail","hentry","category-quintana-roo"],"_links":{"self":[{"href":"https:\/\/podernacional.com\/index.php?rest_route=\/wp\/v2\/posts\/15682","targetHints":{"allow":["GET"]}}],"collection":[{"href":"https:\/\/podernacional.com\/index.php?rest_route=\/wp\/v2\/posts"}],"about":[{"href":"https:\/\/podernacional.com\/index.php?rest_route=\/wp\/v2\/types\/post"}],"author":[{"embeddable":true,"href":"https:\/\/podernacional.com\/index.php?rest_route=\/wp\/v2\/users\/1"}],"replies":[{"embeddable":true,"href":"https:\/\/podernacional.com\/index.php?rest_route=%2Fwp%2Fv2%2Fcomments&post=15682"}],"version-history":[{"count":1,"href":"https:\/\/podernacional.com\/index.php?rest_route=\/wp\/v2\/posts\/15682\/revisions"}],"predecessor-version":[{"id":15683,"href":"https:\/\/podernacional.com\/index.php?rest_route=\/wp\/v2\/posts\/15682\/revisions\/15683"}],"wp:featuredmedia":[{"embeddable":true,"href":"https:\/\/podernacional.com\/index.php?rest_route=\/wp\/v2\/media\/15684"}],"wp:attachment":[{"href":"https:\/\/podernacional.com\/index.php?rest_route=%2Fwp%2Fv2%2Fmedia&parent=15682"}],"wp:term":[{"taxonomy":"category","embeddable":true,"href":"https:\/\/podernacional.com\/index.php?rest_route=%2Fwp%2Fv2%2Fcategories&post=15682"},{"taxonomy":"post_tag","embeddable":true,"href":"https:\/\/podernacional.com\/index.php?rest_route=%2Fwp%2Fv2%2Ftags&post=15682"}],"curies":[{"name":"wp","href":"https:\/\/api.w.org\/{rel}","templated":true}]}}