{"id":15697,"date":"2023-05-13T18:56:28","date_gmt":"2023-05-13T23:56:28","guid":{"rendered":"https:\/\/podernacional.com\/?p=15697"},"modified":"2023-05-13T23:56:30","modified_gmt":"2023-05-13T23:56:30","slug":"quintana-roo-mantiene-el-primer-en-lugar-en-casos-de-dengue","status":"publish","type":"post","link":"https:\/\/podernacional.com\/?p=15697","title":{"rendered":"Quintana Roo mantiene el primer en lugar en casos de dengue"},"content":{"rendered":"<h4>Quintana Roo se mantiene en el primer lugar nacional por el n\u00famero de casos de dengue que se registran y en Calderitas.<\/h4>\n<p>Los cuales\u00a0lidian con esta enfermedad y las acciones de prevenci\u00f3n como la limpieza de predios se complica.<\/p>\n<p>Esto\u00a0debido a la gran cantidad de lotes bald\u00edos, afirm\u00f3 el Comisariado Ejidal, Mario David Uh V\u00e1zquez.<\/p>\n<p>Hay terrenos que incluso dijo, ya son considerados basureros clandestinos.<\/p>\n<p>De acuerdo con la Secretar\u00eda de Salud Federal, Quintana Roo tiene mil 12 casos y dos decesos.<\/p>\n<p>As\u00ed mismo\u00a0aunque hay otros cuatro fallecimientos que est\u00e1n bajo an\u00e1lisis y estudio.<\/p>\n<p>Los otros dos estados con mayor n\u00famero de casos de dengue son Yucat\u00e1n, que con 371 contagios.<\/p>\n<p>Al igual de que\u00a0mientras que en tercero est\u00e1 Veracruz con 195 personas infectadas.<\/p>\n","protected":false},"excerpt":{"rendered":"<p>Quintana Roo se mantiene en el primer lugar nacional por el n\u00famero de casos de dengue que se registran y en Calderitas. Los cuales\u00a0lidian con esta enfermedad y las acciones de prevenci\u00f3n como la limpieza de predios se complica. Esto\u00a0debido a la gran cantidad de lotes bald\u00edos, afirm\u00f3 el Comisariado Ejidal, Mario David Uh V\u00e1zquez. [&hellip;]<\/p>\n","protected":false},"author":1,"featured_media":15699,"comment_status":"open","ping_status":"closed","sticky":false,"template":"","format":"standard","meta":{"footnotes":""},"categories":[10],"tags":[],"class_list":["post-15697","post","type-post","status-publish","format-standard","has-post-thumbnail","hentry","category-quintana-roo"],"_links":{"self":[{"href":"https:\/\/podernacional.com\/index.php?rest_route=\/wp\/v2\/posts\/15697","targetHints":{"allow":["GET"]}}],"collection":[{"href":"https:\/\/podernacional.com\/index.php?rest_route=\/wp\/v2\/posts"}],"about":[{"href":"https:\/\/podernacional.com\/index.php?rest_route=\/wp\/v2\/types\/post"}],"author":[{"embeddable":true,"href":"https:\/\/podernacional.com\/index.php?rest_route=\/wp\/v2\/users\/1"}],"replies":[{"embeddable":true,"href":"https:\/\/podernacional.com\/index.php?rest_route=%2Fwp%2Fv2%2Fcomments&post=15697"}],"version-history":[{"count":1,"href":"https:\/\/podernacional.com\/index.php?rest_route=\/wp\/v2\/posts\/15697\/revisions"}],"predecessor-version":[{"id":15698,"href":"https:\/\/podernacional.com\/index.php?rest_route=\/wp\/v2\/posts\/15697\/revisions\/15698"}],"wp:featuredmedia":[{"embeddable":true,"href":"https:\/\/podernacional.com\/index.php?rest_route=\/wp\/v2\/media\/15699"}],"wp:attachment":[{"href":"https:\/\/podernacional.com\/index.php?rest_route=%2Fwp%2Fv2%2Fmedia&parent=15697"}],"wp:term":[{"taxonomy":"category","embeddable":true,"href":"https:\/\/podernacional.com\/index.php?rest_route=%2Fwp%2Fv2%2Fcategories&post=15697"},{"taxonomy":"post_tag","embeddable":true,"href":"https:\/\/podernacional.com\/index.php?rest_route=%2Fwp%2Fv2%2Ftags&post=15697"}],"curies":[{"name":"wp","href":"https:\/\/api.w.org\/{rel}","templated":true}]}}