{"id":15734,"date":"2023-05-15T18:43:15","date_gmt":"2023-05-15T23:43:15","guid":{"rendered":"https:\/\/podernacional.com\/?p=15734"},"modified":"2023-05-15T23:43:16","modified_gmt":"2023-05-15T23:43:16","slug":"festival-de-arte-urbano-edomex-2023","status":"publish","type":"post","link":"https:\/\/podernacional.com\/?p=15734","title":{"rendered":"Festival de Arte Urbano Edomex 2023."},"content":{"rendered":"<h4>La Secretar\u00eda de Cultura y Turismo del Estado de M\u00e9xico dio a conocer la programaci\u00f3n completa del Festival de Arte Urbano Edomex 2023.<\/h4>\n<p>A trav\u00e9s de su cuenta de redes sociales, la dependencia estatal public\u00f3 un video.<\/p>\n<p>En el cual es\u00a0donde destacan los artistas que participar\u00e1n de este importante festival que se efectuar\u00e1 en la entidad mexiquense.<\/p>\n<h4>\u00bfQuiere conocer a los artistas que estar\u00e1n?<\/h4>\n<p>No te separes de esta nota, ya aqu\u00ed te daremos todos los detalles sobre la programaci\u00f3n del Festival de Arte Urbano Edomex 2023.<\/p>\n<p>Este festival dedicado a los j\u00f3venes mexiquenses es uno de los m\u00e1s relevantes de los \u00faltimos a\u00f1os.<\/p>\n<h4>\u00bfCu\u00e1ndo es el Festival de Arte Urbano Edomex 2023?<\/h4>\n<p>El Festival de Arte Urbano Edomex 2023 se realizar\u00e1 del 19 al 21 de mayo en el Centro Cultural Mexiquense Bicentenario.<\/p>\n<p>Artistas que estar\u00e1n en el festival<\/p>\n<p>Los artistas que se presentar\u00e1n en el Festival de Arte Urbano Edomex 2023 son los siguientes:<\/p>\n<p>19 de mayo: Aczino a las 19:00 horas<\/p>\n<p>20 de mayo: Grande Himnos del Rock: Rosa Adame, Mayumi Toyoda, Cala, Kass, Abulon, Poncho Figueroa Sergio Arau y Alejandro Marcovich a las 19:30 horas<\/p>\n<p>22 de mayo: La Vecindad Santanera a las 19:30 horas<\/p>\n<p>Actividades dentro del festival<\/p>\n<p>En este festival habr\u00e1 diversas actividades como bazar, teatro, lucha libre, torneo de cubo rubik, patinaje urbano, danza, freestyle entre muchas cosas m\u00e1s.<\/p>\n<p>Lugar del Festival de Arte Urbano<\/p>\n<p>Este evento se desarrollar\u00e1 en el Centro Cultural Mexiquense que se ubica en el kil\u00f3metro 14.3 carretera federal M\u00e9xico-Los Reyes.<\/p>\n<p>As\u00ed como en\u00a0La Paz-Texcoco esquina General Manuel Gonz\u00e1lez, Coatlinch\u00e1n.<\/p>\n<p>Programaci\u00f3n Festival de Arte Urbano Edomex 2023 by JuanMiranda on Scribd<\/p>\n<p>Cartel Teatro del Pueblo Feria de Ixtapaluca 2023<\/p>\n<h4>El cartel oficial del Teatro del Pueblo de la Feria de Ixtapaluca 2023 est\u00e1n conformado de la siguiente manera:<\/h4>\n<p>18 de mayo: Peque\u00f1os Musical<\/p>\n<p>19 de mayo: PolyMarchs<\/p>\n<p>20 de mayo: Los Huracanes del Norte<\/p>\n<p>21 de mayo: Pancho Barraza<\/p>\n<p>22 de mayo: Luis R. Conriquez<\/p>\n<p>23 de mayo: La Arrolladora Banda Lim\u00f3n<\/p>\n<p>24 de mayo: Grupo Sorpresa<\/p>\n<p>25 de mayo: Lenin Ram\u00edrez y Codiciado<\/p>\n<p>26 de mayo: Chuy LIzarraga<\/p>\n<p>27 de mayo: La Salsa de los Grandes<\/p>\n<p>28 de mayo: Tucanes de Tijuana<\/p>\n","protected":false},"excerpt":{"rendered":"<p>La Secretar\u00eda de Cultura y Turismo del Estado de M\u00e9xico dio a conocer la programaci\u00f3n completa del Festival de Arte Urbano Edomex 2023. A trav\u00e9s de su cuenta de redes sociales, la dependencia estatal public\u00f3 un video. En el cual es\u00a0donde destacan los artistas que participar\u00e1n de este importante festival que se efectuar\u00e1 en la [&hellip;]<\/p>\n","protected":false},"author":1,"featured_media":15736,"comment_status":"open","ping_status":"closed","sticky":false,"template":"","format":"standard","meta":{"footnotes":""},"categories":[4],"tags":[],"class_list":["post-15734","post","type-post","status-publish","format-standard","has-post-thumbnail","hentry","category-espectaculos"],"_links":{"self":[{"href":"https:\/\/podernacional.com\/index.php?rest_route=\/wp\/v2\/posts\/15734","targetHints":{"allow":["GET"]}}],"collection":[{"href":"https:\/\/podernacional.com\/index.php?rest_route=\/wp\/v2\/posts"}],"about":[{"href":"https:\/\/podernacional.com\/index.php?rest_route=\/wp\/v2\/types\/post"}],"author":[{"embeddable":true,"href":"https:\/\/podernacional.com\/index.php?rest_route=\/wp\/v2\/users\/1"}],"replies":[{"embeddable":true,"href":"https:\/\/podernacional.com\/index.php?rest_route=%2Fwp%2Fv2%2Fcomments&post=15734"}],"version-history":[{"count":1,"href":"https:\/\/podernacional.com\/index.php?rest_route=\/wp\/v2\/posts\/15734\/revisions"}],"predecessor-version":[{"id":15735,"href":"https:\/\/podernacional.com\/index.php?rest_route=\/wp\/v2\/posts\/15734\/revisions\/15735"}],"wp:featuredmedia":[{"embeddable":true,"href":"https:\/\/podernacional.com\/index.php?rest_route=\/wp\/v2\/media\/15736"}],"wp:attachment":[{"href":"https:\/\/podernacional.com\/index.php?rest_route=%2Fwp%2Fv2%2Fmedia&parent=15734"}],"wp:term":[{"taxonomy":"category","embeddable":true,"href":"https:\/\/podernacional.com\/index.php?rest_route=%2Fwp%2Fv2%2Fcategories&post=15734"},{"taxonomy":"post_tag","embeddable":true,"href":"https:\/\/podernacional.com\/index.php?rest_route=%2Fwp%2Fv2%2Ftags&post=15734"}],"curies":[{"name":"wp","href":"https:\/\/api.w.org\/{rel}","templated":true}]}}