{"id":15737,"date":"2023-05-15T18:47:18","date_gmt":"2023-05-15T23:47:18","guid":{"rendered":"https:\/\/podernacional.com\/?p=15737"},"modified":"2023-05-15T23:47:19","modified_gmt":"2023-05-15T23:47:19","slug":"consumen-6-incendios-en-quintana-roo-3-mil-hectareas-de-selva","status":"publish","type":"post","link":"https:\/\/podernacional.com\/?p=15737","title":{"rendered":"Consumen 6 incendios en Quintana Roo 3 mil hect\u00e1reas de selva"},"content":{"rendered":"<h4>Seis incendios activos en Quintana Roo arrasan, hasta el momento, con 2 mil 999 hect\u00e1reas de selva.<\/h4>\n<p>La mayor\u00eda, en el \u00e1rea natural protegida de Yum Balam, donde el fuego cumpli\u00f3 mes y medio sin que pueda ser extinguido.<\/p>\n<p>De acuerdo con la Comisi\u00f3n Nacional Forestal (Conafor), el incendio activo m\u00e1s importante en el estado es el de Yum Balam.<\/p>\n<p>No s\u00f3lo por el alto valor natural de la zona, sino porque inici\u00f3 el 3 de abril e involucra ya 2 mil 650 hect\u00e1reas.<\/p>\n<p>La Tarjeta de Situaci\u00f3n \u2014emitida por la Gerencia de Manejo de Fuego de la Conafor el pasado viernes\u2014.<\/p>\n<p>El cual nforma que en el combate al incendio en Yum Balam participan 129 elementos; 85 de ellos de la propia Conafor.<\/p>\n<p>As\u00ed como de\u00a0seis del gobierno del estado y 38 de otras dependencias federales.<\/p>\n<p>Adem\u00e1s, se emplea un helic\u00f3ptero operado de manera conjunta entre la Conafor y la Secretar\u00eda de la Defensa Nacional (Sedena).<\/p>\n<p>Esto con matr\u00edcula 1716, para descargas y traslado de personal.<\/p>\n<p>El fuego en esta \u00e1rea natural protegida afecta espec\u00edficamente al predio conocido como Francisco May, ubicado en el municipio de L\u00e1zaro C\u00e1rdenas.<\/p>\n<p>Luego de 41 d\u00edas de combate (hasta la fecha en que se emiti\u00f3 el reporte), se ha contenido el 80 por ciento.<\/p>\n<h3>As\u00ed como que\u00a0se liquid\u00f3 el 75 por ciento de la conflagraci\u00f3n.<\/h3>\n<p>Es decir, que un 20 por ciento se encuentra a\u00fan fuera de control.<\/p>\n<p>Por superficie involucrada, en el segundo lugar de importancia se encuentra el incendio de la selva de Cob\u00e1.<\/p>\n<p>Desde el 4 de mayo pasado ha consumido 220 hect\u00e1reas del predio El Refugio, ubicado en el municipio de Solidaridad.<\/p>\n<p>En el combate participan 26 elementos de la Conafor.<\/p>\n<p>Se ha contenido en un 40 por ciento y se ha liquidado en un 25 por ciento. El 60 por ciento est\u00e1 fuera de control.<\/p>\n<p>Otro incendio en el mismo municipio involucra 70 hect\u00e1reas de selva de El Gitano, a 5 kil\u00f3metros al noreste de Xpu-H\u00e1.<\/p>\n<p>El predio bajo fuego desde el 28 de abril es conocido como San Carlos.<\/p>\n<p>Participan en la sofocaci\u00f3n 31 personas: 21 de la Conafor y 10 de otras dependencias federales.<\/p>\n<p>Se ha contenido en un 70 por ciento y se liquid\u00f3 el 45 por ciento de la conflagraci\u00f3n original.<\/p>\n<h4>Mientras, en el municipio de L\u00e1zaro C\u00e1rdenas, en la selva de El Chech\u00e9n, el fuego consume 27 hect\u00e1reas.<\/h4>\n<p>El incendio, que inici\u00f3 el 9 de mayo pasado, es combatido por seis elementos de la Conafor. Se ha contenido en un 30 por ciento y se liquid\u00f3 ya el 20 por ciento.<\/p>\n<p>Un incendio m\u00e1s tiene lugar en El Pedregal del municipio Benito Ju\u00e1rez.<\/p>\n<p>El fuego afecta 25 hect\u00e1reas del predio Alfredo V Bonfil desde el pasado 9 de mayo.<\/p>\n<p>Con la participaci\u00f3n de 10 elementos de la Conafor y tres de otras dependencias federales se ha contenido en un 65 por ciento.<\/p>\n<p>Adem\u00e1s de que\u00a0se liquid\u00f3 el 40 por ciento.<\/p>\n<p>Finalmente, en el municipio de Bacalar tiene lugar un incendio de siete hect\u00e1reas en el predio Otilio Monta\u00f1o de la selva La Mensura.<\/p>\n<p>Ha sido contenido en un 90 por ciento y se liquid\u00f3 el 70 por ciento.<\/p>\n<p>En el lugar trabajan 20 elementos de la Conafor y cuatro de otras dependencias federales.<\/p>\n","protected":false},"excerpt":{"rendered":"<p>Seis incendios activos en Quintana Roo arrasan, hasta el momento, con 2 mil 999 hect\u00e1reas de selva. La mayor\u00eda, en el \u00e1rea natural protegida de Yum Balam, donde el fuego cumpli\u00f3 mes y medio sin que pueda ser extinguido. De acuerdo con la Comisi\u00f3n Nacional Forestal (Conafor), el incendio activo m\u00e1s importante en el estado [&hellip;]<\/p>\n","protected":false},"author":1,"featured_media":15739,"comment_status":"open","ping_status":"closed","sticky":false,"template":"","format":"standard","meta":{"footnotes":""},"categories":[10],"tags":[],"class_list":["post-15737","post","type-post","status-publish","format-standard","has-post-thumbnail","hentry","category-quintana-roo"],"_links":{"self":[{"href":"https:\/\/podernacional.com\/index.php?rest_route=\/wp\/v2\/posts\/15737","targetHints":{"allow":["GET"]}}],"collection":[{"href":"https:\/\/podernacional.com\/index.php?rest_route=\/wp\/v2\/posts"}],"about":[{"href":"https:\/\/podernacional.com\/index.php?rest_route=\/wp\/v2\/types\/post"}],"author":[{"embeddable":true,"href":"https:\/\/podernacional.com\/index.php?rest_route=\/wp\/v2\/users\/1"}],"replies":[{"embeddable":true,"href":"https:\/\/podernacional.com\/index.php?rest_route=%2Fwp%2Fv2%2Fcomments&post=15737"}],"version-history":[{"count":1,"href":"https:\/\/podernacional.com\/index.php?rest_route=\/wp\/v2\/posts\/15737\/revisions"}],"predecessor-version":[{"id":15738,"href":"https:\/\/podernacional.com\/index.php?rest_route=\/wp\/v2\/posts\/15737\/revisions\/15738"}],"wp:featuredmedia":[{"embeddable":true,"href":"https:\/\/podernacional.com\/index.php?rest_route=\/wp\/v2\/media\/15739"}],"wp:attachment":[{"href":"https:\/\/podernacional.com\/index.php?rest_route=%2Fwp%2Fv2%2Fmedia&parent=15737"}],"wp:term":[{"taxonomy":"category","embeddable":true,"href":"https:\/\/podernacional.com\/index.php?rest_route=%2Fwp%2Fv2%2Fcategories&post=15737"},{"taxonomy":"post_tag","embeddable":true,"href":"https:\/\/podernacional.com\/index.php?rest_route=%2Fwp%2Fv2%2Ftags&post=15737"}],"curies":[{"name":"wp","href":"https:\/\/api.w.org\/{rel}","templated":true}]}}