{"id":15740,"date":"2023-05-15T18:49:49","date_gmt":"2023-05-15T23:49:49","guid":{"rendered":"https:\/\/podernacional.com\/?p=15740"},"modified":"2023-05-15T23:49:50","modified_gmt":"2023-05-15T23:49:50","slug":"yokob-zona-arqueologica-escondida-en-la-region-maya-de-quintana-roo","status":"publish","type":"post","link":"https:\/\/podernacional.com\/?p=15740","title":{"rendered":"Yok\u2019ob, zona arqueol\u00f3gica escondida en la regi\u00f3n maya de Quintana Roo"},"content":{"rendered":"<h4>Ubicada cerca de la comunidad de Sab\u00e1n, ya existe un acuerdo para que se pueda visitar<\/h4>\n<p>La zona arqueol\u00f3gica Yok&#8217;ob tiene un gran potencial para captaci\u00f3n de turismo cultural y ecoturismo.<\/p>\n<p>Con el cual\u00a0asegur\u00f3 Bonifacio Kauil Chi, gu\u00eda en la comunidad de Sab\u00e1n.<\/p>\n<p>La cual est\u00e1\u00a0ubicada en el municipio de Jos\u00e9 Mar\u00eda Morelos, en la zona centro de Quintana Roo.<\/p>\n<p>Se trata de una zona arqueol\u00f3gica poco explorada, distribuida en alrededor de 11 kil\u00f3metros cerca de la comunidad de Sab\u00e1n.<\/p>\n<p>Aunque ha sido dif\u00edcil abrir los espacios y recorridos, ya existe un acuerdo entre la autoridad ejidal.<\/p>\n<p>As\u00ed como del Instituto Nacional de Antropolog\u00eda e Historia (INAH) para que se pueda visitar.<\/p>\n<p>\u201cNosotros le avisamos a la autoridad ejidal para que nos de permiso (de llevar a algunos visitantes interesados en conocer la zona)\u201d.<\/p>\n<p>\u201cAdem\u00e1s de que\u00a0ahorita est\u00e1n haciendo una gesti\u00f3n para ver qu\u00e9 posibilidad hay para seguir dando apoyo\u201d.<\/p>\n<h4>\u201cAs\u00ed como\u00a0que podamos hacer la limpieza del \u00e1rea\u201d, explic\u00f3 Kauil Chi.<\/h4>\n<p>Se estima que son m\u00e1s de 200 pir\u00e1mides las que hay en el lugar.<\/p>\n<p>As\u00ed como con un templo mayor que podr\u00eda convertirse en el principal atractivo de la zona.<\/p>\n<p>Esto\u00a0por la altura que tiene, aproximadamente 40 metros.<\/p>\n<p>La idea de los ejidatarios, apunt\u00f3, es que el INAH apoye la apertura de brechas para que los visitantes puedan recorrer los espacios.<\/p>\n<p>Adem\u00e1s de que\u00a0se adec\u00fae como \u00e1rea tur\u00edstica cultural, pues hoy solamente algunos visitantes hacen recorridos.<\/p>\n<p>As\u00ed como de s\u00f3lo quienes hacen rutas del destino Maya Ka\u2019an, son los que se enteran de este espacio poco explorado.<\/p>\n<h4>Aunque descubierto desde hace aproximadamente 60 a\u00f1os.<\/h4>\n<p>En los 11 kil\u00f3metros de Yok&#8217;ob hay tambi\u00e9n grandes espacios abiertos para hacer senderismo, una aguada.<\/p>\n<p>As\u00ed como de un\u00a0cientos de especies para conocer y la posibilidad de realizar una variedad de actividades ecotur\u00edsticas.<\/p>\n<p>Pero que se complican mientras no se tengan las condiciones necesarias y para lo cual falta la entrada total del INAH.<\/p>\n<p>Actualmente son los colectivos comunitarios los que promueven en sus diferentes rutas de Maya ka\u2019an la visita a Yok&#8217;ob.<\/p>\n<p>Por lo que tampoco existe un registro de cu\u00e1ntas personas han logrado explorar esta zona arqueol\u00f3gica.<\/p>\n<p>El cual podr\u00eda llamarse virgen, pues a\u00fan est\u00e1 cubierta por \u00e1rboles y arbustos.<\/p>\n<p>Adem\u00e1s de\u00a0lo que tambi\u00e9n le da un toque totalmente diferente al de las zonas m\u00e1s conocidas como Cob\u00e1 o Tulum.<\/p>\n","protected":false},"excerpt":{"rendered":"<p>Ubicada cerca de la comunidad de Sab\u00e1n, ya existe un acuerdo para que se pueda visitar La zona arqueol\u00f3gica Yok&#8217;ob tiene un gran potencial para captaci\u00f3n de turismo cultural y ecoturismo. Con el cual\u00a0asegur\u00f3 Bonifacio Kauil Chi, gu\u00eda en la comunidad de Sab\u00e1n. La cual est\u00e1\u00a0ubicada en el municipio de Jos\u00e9 Mar\u00eda Morelos, en la [&hellip;]<\/p>\n","protected":false},"author":1,"featured_media":15742,"comment_status":"open","ping_status":"closed","sticky":false,"template":"","format":"standard","meta":{"footnotes":""},"categories":[10],"tags":[],"class_list":["post-15740","post","type-post","status-publish","format-standard","has-post-thumbnail","hentry","category-quintana-roo"],"_links":{"self":[{"href":"https:\/\/podernacional.com\/index.php?rest_route=\/wp\/v2\/posts\/15740","targetHints":{"allow":["GET"]}}],"collection":[{"href":"https:\/\/podernacional.com\/index.php?rest_route=\/wp\/v2\/posts"}],"about":[{"href":"https:\/\/podernacional.com\/index.php?rest_route=\/wp\/v2\/types\/post"}],"author":[{"embeddable":true,"href":"https:\/\/podernacional.com\/index.php?rest_route=\/wp\/v2\/users\/1"}],"replies":[{"embeddable":true,"href":"https:\/\/podernacional.com\/index.php?rest_route=%2Fwp%2Fv2%2Fcomments&post=15740"}],"version-history":[{"count":1,"href":"https:\/\/podernacional.com\/index.php?rest_route=\/wp\/v2\/posts\/15740\/revisions"}],"predecessor-version":[{"id":15741,"href":"https:\/\/podernacional.com\/index.php?rest_route=\/wp\/v2\/posts\/15740\/revisions\/15741"}],"wp:featuredmedia":[{"embeddable":true,"href":"https:\/\/podernacional.com\/index.php?rest_route=\/wp\/v2\/media\/15742"}],"wp:attachment":[{"href":"https:\/\/podernacional.com\/index.php?rest_route=%2Fwp%2Fv2%2Fmedia&parent=15740"}],"wp:term":[{"taxonomy":"category","embeddable":true,"href":"https:\/\/podernacional.com\/index.php?rest_route=%2Fwp%2Fv2%2Fcategories&post=15740"},{"taxonomy":"post_tag","embeddable":true,"href":"https:\/\/podernacional.com\/index.php?rest_route=%2Fwp%2Fv2%2Ftags&post=15740"}],"curies":[{"name":"wp","href":"https:\/\/api.w.org\/{rel}","templated":true}]}}