{"id":15743,"date":"2023-05-15T18:51:54","date_gmt":"2023-05-15T23:51:54","guid":{"rendered":"https:\/\/podernacional.com\/?p=15743"},"modified":"2023-05-15T23:51:55","modified_gmt":"2023-05-15T23:51:55","slug":"acuiferos-de-quintana-roo-estan-en-riesgo-por-sobreexplotacion","status":"publish","type":"post","link":"https:\/\/podernacional.com\/?p=15743","title":{"rendered":"Acu\u00edferos de Quintana Roo est\u00e1n en riesgo por sobreexplotaci\u00f3n"},"content":{"rendered":"<h4>Se deben implementar las medidas necesarias para evitar su contaminaci\u00f3n.<\/h4>\n<p>El 18% de los acu\u00edferos se encuentran sobreexplotados, ya sea para su consumo humano.<\/p>\n<p>Adem\u00e1s de\u00a0las actividades agropecuarias o la actividad tur\u00edstica. Eso no solo afecta a todo el ecosistema local.<\/p>\n<p>Sino tambi\u00e9n eleva los costos de extracci\u00f3n del vital l\u00edquido y provoca hundimientos en el terreno.<\/p>\n<p>El reporte m\u00e1s reciente de la situaci\u00f3n del agua en M\u00e9xico, elaborado por el Instituto Mexicano para la Competitividad.<\/p>\n<p>Esto lo advierte que a pesar de que los acu\u00edferos son la principal fuente de abastecimiento de agua.<\/p>\n<p>As\u00ed como\u00a0para todas las actividades humanas no se est\u00e1n tomando las medidas necesarias para evitar su contaminaci\u00f3n.<\/p>\n<p>Luis Carrillo Franyutti, bi\u00f3logo que forma parte de un equipo de investigadores de la Universidad Nacional Aut\u00f3noma de M\u00e9xico.<\/p>\n<p>Al igual de que est\u00e1\u00a0dedicado a monitorear la calidad de los cuerpos de agua en Quintana Roo.<\/p>\n<h4>As\u00ed como que\u00a0explica que de continuar esta situaci\u00f3n, menos de 10 a\u00f1os la sobreexplotaci\u00f3n habr\u00e1 alcanzado al 40% de los acu\u00edferos de la entidad.<\/h4>\n<p>\u201cEsto es muy preocupante si tomamos en cuenta que el 23% de estas reservas de agua no est\u00e1n disponibles para su uso\u201d.<\/p>\n<p>\u201cUna parte, el 12%, es porque tienen problemas de salinizaci\u00f3n del suelo\u201d.<\/p>\n<p>\u201cEl cual es decir, tienen contacto con piedras calizas que deterioran sus par\u00e1metros de calidad\u201d.<\/p>\n<p>\u201cEste problema es muy com\u00fan en la zona sur del estado, por lo que no todos los pozos son aptos\u201d, declar\u00f3.<\/p>\n<p>Las comunidades lim\u00edtrofes con Campeche son, por ejemplo, algunas de las m\u00e1s afectadas por esta situaci\u00f3n.<\/p>\n<p>As\u00ed\u00a0como la comunidad de Ca\u00f1a Brava, que no puede usar los dep\u00f3sitos subterr\u00e1neos de agua.<\/p>\n<p>Adem\u00e1s de que\u00a0por ello necesita infraestructura para que les lleven el l\u00edquido desde acu\u00edferos situados a varios kil\u00f3metros a la distancia.<\/p>\n<p>Explic\u00f3 que en el norte del estado los cenotes usados para recreaci\u00f3n de turistas pasaron de una docena.<\/p>\n<p>A\u00a0m\u00e1s de 183 en los \u00faltimos 15 a\u00f1os.<\/p>\n<h4>\u201cEl que las personas usen bloqueador, o defequen en estas aguas, ha provocado que encontremos contaminantes en zonas acu\u00edferas v\u00edrgenes\u201d.<\/h4>\n<p>\u201cEsto porque pr\u00e1cticamente todos estos cuerpos de agua est\u00e1n interconectados por r\u00edos subterr\u00e1neos\u201d, declar\u00f3.<\/p>\n<p>Mencion\u00f3 que por esta situaci\u00f3n urgen verdaderas medidas de protecci\u00f3n a los mantos acu\u00edferos.<\/p>\n<p>As\u00ed\u00a0como regulaciones al uso recreativo de cenotes basados en estudios de factibilidad.<\/p>\n<p>\u201cTampoco est\u00e1n realizando inspecciones para garantizar la no contaminaci\u00f3n de los mantos fre\u00e1ticos\u201d.<\/p>\n<p>\u201cEn los \u00faltimos seis a\u00f1os s\u00f3lo se han aplicado cinco multas a empresas y propietarios de cenotes por acciones contaminantes\u201d.<\/p>\n<p>\u201cNecesitamos que sean m\u00e1s en\u00e9rgicos con su protecci\u00f3n, o breve enfrentaremos problemas de abastecimiento de agua como en el norte del pa\u00eds\u201d, sentenci\u00f3 el experto.<\/p>\n<p>De acuerdo con el estudio del IMCO publicado este a\u00f1o.<\/p>\n<p>El cual est\u00e1 aunado a ello, \u201cel pa\u00eds ha enfrentado problemas de sequ\u00edas por efectos del aumento de la temperatura.<\/p>\n<p>As\u00ed como sobreexplotaci\u00f3n de los mantos acu\u00edferos, problemas en la red de distribuci\u00f3n, contaminaci\u00f3n.<\/p>\n<p>Al igual de la falta de control sobre las concesiones (particularmente del sector agr\u00edcola)\u201d.<\/p>\n<p>De acuerdo con datos de la Comisi\u00f3n Nacional del Agua, el a\u00f1o pasado, fueron registradas 59 concesiones para extracci\u00f3n de aguas subterr\u00e1neas en Quintana Roo.<\/p>\n","protected":false},"excerpt":{"rendered":"<p>Se deben implementar las medidas necesarias para evitar su contaminaci\u00f3n. El 18% de los acu\u00edferos se encuentran sobreexplotados, ya sea para su consumo humano. Adem\u00e1s de\u00a0las actividades agropecuarias o la actividad tur\u00edstica. Eso no solo afecta a todo el ecosistema local. Sino tambi\u00e9n eleva los costos de extracci\u00f3n del vital l\u00edquido y provoca hundimientos en [&hellip;]<\/p>\n","protected":false},"author":1,"featured_media":15745,"comment_status":"open","ping_status":"closed","sticky":false,"template":"","format":"standard","meta":{"footnotes":""},"categories":[10],"tags":[],"class_list":["post-15743","post","type-post","status-publish","format-standard","has-post-thumbnail","hentry","category-quintana-roo"],"_links":{"self":[{"href":"https:\/\/podernacional.com\/index.php?rest_route=\/wp\/v2\/posts\/15743","targetHints":{"allow":["GET"]}}],"collection":[{"href":"https:\/\/podernacional.com\/index.php?rest_route=\/wp\/v2\/posts"}],"about":[{"href":"https:\/\/podernacional.com\/index.php?rest_route=\/wp\/v2\/types\/post"}],"author":[{"embeddable":true,"href":"https:\/\/podernacional.com\/index.php?rest_route=\/wp\/v2\/users\/1"}],"replies":[{"embeddable":true,"href":"https:\/\/podernacional.com\/index.php?rest_route=%2Fwp%2Fv2%2Fcomments&post=15743"}],"version-history":[{"count":1,"href":"https:\/\/podernacional.com\/index.php?rest_route=\/wp\/v2\/posts\/15743\/revisions"}],"predecessor-version":[{"id":15744,"href":"https:\/\/podernacional.com\/index.php?rest_route=\/wp\/v2\/posts\/15743\/revisions\/15744"}],"wp:featuredmedia":[{"embeddable":true,"href":"https:\/\/podernacional.com\/index.php?rest_route=\/wp\/v2\/media\/15745"}],"wp:attachment":[{"href":"https:\/\/podernacional.com\/index.php?rest_route=%2Fwp%2Fv2%2Fmedia&parent=15743"}],"wp:term":[{"taxonomy":"category","embeddable":true,"href":"https:\/\/podernacional.com\/index.php?rest_route=%2Fwp%2Fv2%2Fcategories&post=15743"},{"taxonomy":"post_tag","embeddable":true,"href":"https:\/\/podernacional.com\/index.php?rest_route=%2Fwp%2Fv2%2Ftags&post=15743"}],"curies":[{"name":"wp","href":"https:\/\/api.w.org\/{rel}","templated":true}]}}