{"id":15752,"date":"2023-05-15T19:00:32","date_gmt":"2023-05-16T00:00:32","guid":{"rendered":"https:\/\/podernacional.com\/?p=15752"},"modified":"2023-05-16T00:00:49","modified_gmt":"2023-05-16T00:00:49","slug":"escandalo-descubre-como-patricio-borghetti-hizo-comentarios-racistas-a-la-famosa-halle-bailey-no-creeras-lo-que-dijo","status":"publish","type":"post","link":"https:\/\/podernacional.com\/?p=15752","title":{"rendered":"&quot;\u00a1Esc\u00e1ndalo! Descubre c\u00f3mo Patricio Borghetti hizo comentarios racistas a la famosa Halle Bailey \u00a1No creer\u00e1s lo que dijo!&quot;"},"content":{"rendered":"<div class=\"row\">\n<div class=\"col-sm-xl-12 layout-section wrap-bottom\">\n<h4 class=\"primary-font__PrimaryFontStyles-o56yd5-0 heuGTu h4-primary sub-headline\" style=\"text-align: center;\">En una transmisi\u00f3n del programa Venga la Alegr\u00eda, Patricio Borghetti intent\u00f3 hacer \u2018un halago\u2019 a la actriz Halley Bailey, aunque fue catalogado como racista.<\/h4>\n<div class=\"default__StyledDiv-cj38t1-0 gCPfDm share-bar\">\n<p class=\"default__StyledText-xb1qmn-0 cgXrXK body-paragraph\">Halle Bailey\u00a0se encuentra en M\u00e9xico haciendo promoci\u00f3n al\u00a0live action de\u00a0<i>La Sirenita<\/i>, del cual es protagonista. Adem\u00e1s de participar en la premier, tambi\u00e9n acudi\u00f3 a algunos programas de televisi\u00f3n para hablar de la producci\u00f3n que\u00a0<b>se estrenar\u00e1 el 25 de mayo<\/b>.<\/p>\n<p class=\"default__StyledText-xb1qmn-0 cgXrXK body-paragraph\">Uno de ellos fue\u00a0<i>Venga la Alegr\u00eda<\/i>, donde el conductor\u00a0<b>Patricio Borghetti<\/b>\u00a0se tom\u00f3 unos segundos para hacerle \u2018un cumplido\u2019 a Bailey, aunque muchos internautas\u00a0<b>lo tacharon de\u00a0<\/b>racista, pues su comentario fue relacionado con la pol\u00e9mica que ha generado\u00a0su interpretaci\u00f3n al ser una persona afrodescendiente.<\/p>\n<div id=\"arcad-feature-9092\" class=\"default__StyledAdUnit-ijbiyl-0 bWigPu arcad-feature margin-md-bottom \">\n<div id=\"\" class=\"arcad-container\">\n<div id=\"lazy_3\">\n<div id=\"inread_oop\" class=\"arcad ad-1x1\" data-google-query-id=\"CLW6u_XD-P4CFYFNwQodUf4DBA\">\n<div id=\"google_ads_iframe_\/77835600\/ElFinanciero__internas\/inread_oop_0__container__\"><\/div>\n<\/div>\n<\/div>\n<\/div>\n<\/div>\n<p class=\"default__StyledText-xb1qmn-0 cgXrXK body-paragraph\">\u201cEsta no es una pregunta, es algo que te quiero compartir, te lo prometo.\u00a0<b>Nadie de los que est\u00e1bamos en esa sala ayer est\u00e1bamos viendo el color de tu piel<\/b>; todos, incluida mi mujer y mis hijos,\u00a0<b>est\u00e1bamos perdidos en tus ojos<\/b>, todos\u201d, se\u00f1al\u00f3 \u2018Pato\u2019, a lo que la actriz simplemente contest\u00f3: \u201cGracias\u201d.<\/p>\n<h2 class=\"heading__StyledHeading-sc-5jxglz-0 kSxoe\">\u00bfQui\u00e9n es Patricio Borghetti?<\/h2>\n<p class=\"default__StyledText-xb1qmn-0 cgXrXK body-paragraph\"><b>Juan Patricio Borghetti Im\u00e9rito<\/b>, conocido simplemente como \u2018Pato\u2019 Borghetti, es un conductor de televisi\u00f3n argentino que desde su juventud radica en M\u00e9xico, donde ha desarrollado pr\u00e1cticamente toda su\u00a0trayectoria art\u00edstica.<\/p>\n<p class=\"default__StyledText-xb1qmn-0 cgXrXK body-paragraph\">En su pa\u00eds natal debut\u00f3 como actor en la comedia\u00a0<i>La Monta\u00f1a Rusa<\/i>\u00a0(1994). Dos a\u00f1os despu\u00e9s lleg\u00f3\u00a0<i>90, 60, 90 Modelos<\/i>\u00a0(1996); estos fueron sus \u00fanicos trabajos en Argentina.<\/p>\n<p class=\"default__StyledText-xb1qmn-0 cgXrXK body-paragraph\">Cuando lleg\u00f3 a M\u00e9xico obtuvo su primer papel protag\u00f3nico en la telenovela\u00a0<i>DKDA, Sue\u00f1os de Juventud<\/i>\u00a0(1999), producida por\u00a0Luis de Llano. Posteriormente form\u00f3 parte de otras producciones dirigidas al p\u00fablico juvenil, como\u00a0<i>El Juego de la Vida<\/i>\u00a0(2001) y\u00a0Rebelde\u00a0(2004).<\/p>\n<p class=\"default__StyledText-xb1qmn-0 cgXrXK body-paragraph\">Su trayectoria art\u00edstica incluye\u00a0<b>17 producciones para la pantalla chica<\/b>, siendo en su mayor\u00eda\u00a0telenovelas, aunque tambi\u00e9n realiz\u00f3 algunas series. Entre las m\u00e1s destacadas se encuentran:<\/p>\n<ul class=\"list__StyledUnorderedList-sc-1wwq737-2 elaPtt\">\n<li class=\"list__StyledListItem-sc-1wwq737-0 dmVxvi\"><i>Mar\u00eda Bel\u00e9n<\/i>\u00a0(2001)<\/li>\n<li class=\"list__StyledListItem-sc-1wwq737-0 dmVxvi\"><i>Amor M\u00edo<\/i>\u00a0(2007)<\/li>\n<li class=\"list__StyledListItem-sc-1wwq737-0 dmVxvi\"><i>Atr\u00e9vete a So\u00f1ar<\/i>\u00a0(2009)<\/li>\n<li class=\"list__StyledListItem-sc-1wwq737-0 dmVxvi\"><i>Teresa<\/i>\u00a0(2010)<\/li>\n<li class=\"list__StyledListItem-sc-1wwq737-0 dmVxvi\"><i>Antes Muerta que Lichita<\/i>\u00a0(2015)<\/li>\n<\/ul>\n<p class=\"default__StyledText-xb1qmn-0 cgXrXK body-paragraph\">Tambi\u00e9n\u00a0<b>particip\u00f3 en cuatro reality shows<\/b>, como\u00a0<i>Big Brother VIP 3<\/i>\u00a0(2004),\u00a0<i>Cantando por un Sue\u00f1o<\/i>\u00a0(2006) y\u00a0<i>Parodiando<\/i>\u00a0(2011), donde realiz\u00f3 una imitaci\u00f3n de Michael Jackson.<\/p>\n<article class=\"default__ArticleBody-xb1qmn-2 TQmIj article-body-wrapper\">\n<p class=\"default__StyledText-xb1qmn-0 cgXrXK body-paragraph\">Desde 2017 se incorpor\u00f3 a la barra de conductores que conforman Venga la Alegr\u00eda, programa en el que lleva seis a\u00f1os al aire.<\/p>\n<\/article>\n<div class=\"primary-font__PrimaryFontStyles-o56yd5-0 heuGTu tags-holder\"><\/div>\n<\/div>\n<\/div>\n<\/div>\n<div class=\"row\">\n<div class=\"col-sm-md-12 col-lg-xl-8 left-article-section ie-flex-100-percent-sm layout-section\"><\/div>\n<\/div>\n","protected":false},"excerpt":{"rendered":"<p>En una transmisi\u00f3n del programa Venga la Alegr\u00eda, Patricio Borghetti intent\u00f3 hacer \u2018un halago\u2019 a la actriz Halley Bailey, aunque fue catalogado como racista. Halle Bailey\u00a0se encuentra en M\u00e9xico haciendo promoci\u00f3n al\u00a0live action de\u00a0La Sirenita, del cual es protagonista. Adem\u00e1s de participar en la premier, tambi\u00e9n acudi\u00f3 a algunos programas de televisi\u00f3n para hablar de [&hellip;]<\/p>\n","protected":false},"author":1,"featured_media":15754,"comment_status":"open","ping_status":"closed","sticky":false,"template":"","format":"standard","meta":{"footnotes":""},"categories":[4],"tags":[],"class_list":["post-15752","post","type-post","status-publish","format-standard","has-post-thumbnail","hentry","category-espectaculos"],"_links":{"self":[{"href":"https:\/\/podernacional.com\/index.php?rest_route=\/wp\/v2\/posts\/15752","targetHints":{"allow":["GET"]}}],"collection":[{"href":"https:\/\/podernacional.com\/index.php?rest_route=\/wp\/v2\/posts"}],"about":[{"href":"https:\/\/podernacional.com\/index.php?rest_route=\/wp\/v2\/types\/post"}],"author":[{"embeddable":true,"href":"https:\/\/podernacional.com\/index.php?rest_route=\/wp\/v2\/users\/1"}],"replies":[{"embeddable":true,"href":"https:\/\/podernacional.com\/index.php?rest_route=%2Fwp%2Fv2%2Fcomments&post=15752"}],"version-history":[{"count":1,"href":"https:\/\/podernacional.com\/index.php?rest_route=\/wp\/v2\/posts\/15752\/revisions"}],"predecessor-version":[{"id":15753,"href":"https:\/\/podernacional.com\/index.php?rest_route=\/wp\/v2\/posts\/15752\/revisions\/15753"}],"wp:featuredmedia":[{"embeddable":true,"href":"https:\/\/podernacional.com\/index.php?rest_route=\/wp\/v2\/media\/15754"}],"wp:attachment":[{"href":"https:\/\/podernacional.com\/index.php?rest_route=%2Fwp%2Fv2%2Fmedia&parent=15752"}],"wp:term":[{"taxonomy":"category","embeddable":true,"href":"https:\/\/podernacional.com\/index.php?rest_route=%2Fwp%2Fv2%2Fcategories&post=15752"},{"taxonomy":"post_tag","embeddable":true,"href":"https:\/\/podernacional.com\/index.php?rest_route=%2Fwp%2Fv2%2Ftags&post=15752"}],"curies":[{"name":"wp","href":"https:\/\/api.w.org\/{rel}","templated":true}]}}