{"id":15971,"date":"2023-05-23T16:58:30","date_gmt":"2023-05-23T21:58:30","guid":{"rendered":"https:\/\/podernacional.com\/?p=15971"},"modified":"2023-05-23T21:58:31","modified_gmt":"2023-05-23T21:58:31","slug":"ya-no-sonaran-mas-corridos-en-quintana-roo-esta-es-la-ley-que-los-prohibe","status":"publish","type":"post","link":"https:\/\/podernacional.com\/?p=15971","title":{"rendered":"Ya no sonar\u00e1n m\u00e1s corridos en Quintana Roo, esta es la ley que los proh\u00edbe"},"content":{"rendered":"<h4>Este fin de semana, autoridades del estado cancelaron la presentaci\u00f3n de El Komander, alegando que la m\u00fasica del cantante incita a la violencia<\/h4>\n<p>La noticia de que el concierto de Alfredo R\u00edos, mejor conocido como El Komander, ten\u00eda programado para este 19 de mayo.<\/p>\n<p>Esto\u00a0en Quintana Roo hab\u00eda sido cancelado debido a que las autoridades de este estado prohibieron su m\u00fasica.<\/p>\n<p>El cual\u00a0ha desatado una controversia importante en torno a la ley que sustenta este hecho.<\/p>\n<p>Seg\u00fan autoridades locales, como el secretario general del ayuntamiento de Benito Ju\u00e1rez, Jorge Aguilar Osorio.<\/p>\n<p>Adem\u00e1s de la regidora de espect\u00e1culos y diversiones ,Karina Pamela Espinoza P\u00e9rez; la suspensi\u00f3n del show.<\/p>\n<p>El cual\u00a0responde a un art\u00edculo dentro del Reglamento de espect\u00e1culos y diversiones p\u00fablicas del municipio.<\/p>\n<h4>As\u00ed como\u00a0en el que se proh\u00edbe la realizaci\u00f3n de espect\u00e1culos que inciten a la violencia.<\/h4>\n<p>Karina Espinoza se\u00f1al\u00f3 que est\u00e1n ejerciendo esta regla con fuerza debido a las situaciones de peligro que se han desatado en los \u00faltimos espect\u00e1culos.<\/p>\n<p>\u201cEn el \u00faltimo concierto que hubo de este tipo, todo termin\u00f3 bien, pero a la salida hubo una persecuci\u00f3n y violencia\u201d.<\/p>\n<p>\u201cAdem\u00e1s de que\u00a0eso es lo que tratamos de evitar, porque cuando viene uno de esos artistas se tiene que desplegar un operativo de la Polic\u00eda.<\/p>\n<p>\u201cAs\u00ed como de la\u00a0Guardia Nacional, Marina y Ej\u00e9rcito, cuyos efectivos deben estar en las calles, en las Regiones, y no cuidando a un artista\u00bb.<\/p>\n<p>Esto lo\u00a0se\u00f1al\u00f3 Espinoza P\u00e9rez.<\/p>\n<p>Al mismo tiempo, el concierto de Grupo Firme en esta regi\u00f3n fue anunciado como cancelado a trav\u00e9s de Twitter.<\/p>\n<p>La regidora de espect\u00e1culos explica que fue debido a que la agrupaci\u00f3n liderada por Eduin Caz no hab\u00eda entregado la documentaci\u00f3n correspondiente.<\/p>\n<p>Pero tambi\u00e9n acept\u00f3 que para el caso de artistas como Peso Pluma y Natanael Cano, exponentes de corridos tumbados.<\/p>\n<p>Esto\u00a0que ya tienen eventos programados en el Estado, tomar\u00e1n ciertas medidas.<\/p>\n<p>\u201cA lo mejor hablamos con ellos y les decimos que no canten las canciones que hacen apolog\u00eda a la violencia o al crimen organizado\u201d.<\/p>\n<p>\u201cO\u00a0no s\u00e9, lo estamos trabajando\u00bb, se\u00f1al\u00f3.<\/p>\n","protected":false},"excerpt":{"rendered":"<p>Este fin de semana, autoridades del estado cancelaron la presentaci\u00f3n de El Komander, alegando que la m\u00fasica del cantante incita a la violencia La noticia de que el concierto de Alfredo R\u00edos, mejor conocido como El Komander, ten\u00eda programado para este 19 de mayo. Esto\u00a0en Quintana Roo hab\u00eda sido cancelado debido a que las autoridades [&hellip;]<\/p>\n","protected":false},"author":1,"featured_media":15973,"comment_status":"open","ping_status":"closed","sticky":false,"template":"","format":"standard","meta":{"footnotes":""},"categories":[10],"tags":[],"class_list":["post-15971","post","type-post","status-publish","format-standard","has-post-thumbnail","hentry","category-quintana-roo"],"_links":{"self":[{"href":"https:\/\/podernacional.com\/index.php?rest_route=\/wp\/v2\/posts\/15971","targetHints":{"allow":["GET"]}}],"collection":[{"href":"https:\/\/podernacional.com\/index.php?rest_route=\/wp\/v2\/posts"}],"about":[{"href":"https:\/\/podernacional.com\/index.php?rest_route=\/wp\/v2\/types\/post"}],"author":[{"embeddable":true,"href":"https:\/\/podernacional.com\/index.php?rest_route=\/wp\/v2\/users\/1"}],"replies":[{"embeddable":true,"href":"https:\/\/podernacional.com\/index.php?rest_route=%2Fwp%2Fv2%2Fcomments&post=15971"}],"version-history":[{"count":1,"href":"https:\/\/podernacional.com\/index.php?rest_route=\/wp\/v2\/posts\/15971\/revisions"}],"predecessor-version":[{"id":15972,"href":"https:\/\/podernacional.com\/index.php?rest_route=\/wp\/v2\/posts\/15971\/revisions\/15972"}],"wp:featuredmedia":[{"embeddable":true,"href":"https:\/\/podernacional.com\/index.php?rest_route=\/wp\/v2\/media\/15973"}],"wp:attachment":[{"href":"https:\/\/podernacional.com\/index.php?rest_route=%2Fwp%2Fv2%2Fmedia&parent=15971"}],"wp:term":[{"taxonomy":"category","embeddable":true,"href":"https:\/\/podernacional.com\/index.php?rest_route=%2Fwp%2Fv2%2Fcategories&post=15971"},{"taxonomy":"post_tag","embeddable":true,"href":"https:\/\/podernacional.com\/index.php?rest_route=%2Fwp%2Fv2%2Ftags&post=15971"}],"curies":[{"name":"wp","href":"https:\/\/api.w.org\/{rel}","templated":true}]}}