{"id":16027,"date":"2023-05-24T18:21:04","date_gmt":"2023-05-24T23:21:04","guid":{"rendered":"https:\/\/podernacional.com\/?p=16027"},"modified":"2023-05-24T23:21:05","modified_gmt":"2023-05-24T23:21:05","slug":"garantiza-sict-la-sostenibilidad-del-puente-vehicular-nichupte-en-cancun","status":"publish","type":"post","link":"https:\/\/podernacional.com\/?p=16027","title":{"rendered":"Garantiza SICT la sostenibilidad del puente vehicular Nichupt\u00e9, en Canc\u00fan"},"content":{"rendered":"<h4>El proyecto lleva 17 por ciento de avance y se prev\u00e9 su conclusi\u00f3n para marzo de 2024<\/h4>\n<p>El nuevo puente vehicular de la laguna Nichupt\u00e9 de Canc\u00fan, que conectar\u00e1 a la zona hotelera con la ciudad.<\/p>\n<p>El cual\u00a0lleva 17 por ciento de avance, en su construcci\u00f3n se toman en cuenta medidas ambientales para preservar el ecosistema y garantizar su sostenibilidad.<\/p>\n<p>\u201cLas medidas para prevenir evitar o minimizar impactos ambientales ser\u00e1 por medio de un Sistema de Gesti\u00f3n Adaptativo para la Sostenibilidad (SGAS)\u201d.<\/p>\n<p>\u201cEl cual\u00a0consta de 10 programas y 25 subprogramas, cuya funci\u00f3n es dar la directriz hacia la restauraci\u00f3n de la zona de influencia del proyecto\u201d.<\/p>\n<p>Adem\u00e1s de que\u00a0inform\u00f3 la delegaci\u00f3n Quintana Roo de la Secretar\u00eda de Infraestructura, Comunicaciones y Transportes (SICT).<\/p>\n<p>Esto ante una solicitud de informaci\u00f3n de La Jornada Maya.<\/p>\n<h4>Entre los datos generales del proyecto destaca que forma parte de las obras prioritarias relacionadas con el Tren Maya.<\/h4>\n<p>El cual\u00a0tienen lugar en el municipio de Benito Ju\u00e1rez. Su inversi\u00f3n total es de 7 mil 56 millones de pesos.<\/p>\n<p>Adem\u00e1s de que\u00a0lleva 17 por ciento de avance y se prev\u00e9 quede concluido en marzo del pr\u00f3ximo a\u00f1o.<\/p>\n<p>Hasta ahora los trabajos se concentran en la zona continental.<\/p>\n<p>Este mi\u00e9rcoles la gobernadora Mara Lezama supervis\u00f3 los trabajos de esta obra.<\/p>\n<p>La que llam\u00f3 una de las inversiones hist\u00f3ricas del Gobierno de M\u00e9xico en Canc\u00fan, la cual genera cientos de empleos para hombres,<\/p>\n<p>Adem\u00e1s de\u00a0mujeres que trabajan 24\/7 para hacer posible su entrega a tiempo. El puente ser\u00e1 de 8.8 kil\u00f3metros de longitud.<\/p>\n<p>Previamente, en sus redes sociales la mandataria comparti\u00f3 los renders del proyecto, donde se puede apreciar la magnitud del mismo.<\/p>\n","protected":false},"excerpt":{"rendered":"<p>El proyecto lleva 17 por ciento de avance y se prev\u00e9 su conclusi\u00f3n para marzo de 2024 El nuevo puente vehicular de la laguna Nichupt\u00e9 de Canc\u00fan, que conectar\u00e1 a la zona hotelera con la ciudad. El cual\u00a0lleva 17 por ciento de avance, en su construcci\u00f3n se toman en cuenta medidas ambientales para preservar el [&hellip;]<\/p>\n","protected":false},"author":1,"featured_media":16029,"comment_status":"open","ping_status":"closed","sticky":false,"template":"","format":"standard","meta":{"footnotes":""},"categories":[10],"tags":[],"class_list":["post-16027","post","type-post","status-publish","format-standard","has-post-thumbnail","hentry","category-quintana-roo"],"_links":{"self":[{"href":"https:\/\/podernacional.com\/index.php?rest_route=\/wp\/v2\/posts\/16027","targetHints":{"allow":["GET"]}}],"collection":[{"href":"https:\/\/podernacional.com\/index.php?rest_route=\/wp\/v2\/posts"}],"about":[{"href":"https:\/\/podernacional.com\/index.php?rest_route=\/wp\/v2\/types\/post"}],"author":[{"embeddable":true,"href":"https:\/\/podernacional.com\/index.php?rest_route=\/wp\/v2\/users\/1"}],"replies":[{"embeddable":true,"href":"https:\/\/podernacional.com\/index.php?rest_route=%2Fwp%2Fv2%2Fcomments&post=16027"}],"version-history":[{"count":1,"href":"https:\/\/podernacional.com\/index.php?rest_route=\/wp\/v2\/posts\/16027\/revisions"}],"predecessor-version":[{"id":16028,"href":"https:\/\/podernacional.com\/index.php?rest_route=\/wp\/v2\/posts\/16027\/revisions\/16028"}],"wp:featuredmedia":[{"embeddable":true,"href":"https:\/\/podernacional.com\/index.php?rest_route=\/wp\/v2\/media\/16029"}],"wp:attachment":[{"href":"https:\/\/podernacional.com\/index.php?rest_route=%2Fwp%2Fv2%2Fmedia&parent=16027"}],"wp:term":[{"taxonomy":"category","embeddable":true,"href":"https:\/\/podernacional.com\/index.php?rest_route=%2Fwp%2Fv2%2Fcategories&post=16027"},{"taxonomy":"post_tag","embeddable":true,"href":"https:\/\/podernacional.com\/index.php?rest_route=%2Fwp%2Fv2%2Ftags&post=16027"}],"curies":[{"name":"wp","href":"https:\/\/api.w.org\/{rel}","templated":true}]}}