{"id":16072,"date":"2023-05-26T16:47:02","date_gmt":"2023-05-26T21:47:02","guid":{"rendered":"https:\/\/podernacional.com\/?p=16072"},"modified":"2023-05-26T21:47:04","modified_gmt":"2023-05-26T21:47:04","slug":"las-flores-visten-zaragoza-en-el-iii-festival-zgzflorece","status":"publish","type":"post","link":"https:\/\/podernacional.com\/?p=16072","title":{"rendered":"Las flores visten Zaragoza en el III Festival ZGZFlorece"},"content":{"rendered":"<h4>Las flores con sus m\u00faltiples colores y olores envuelven numerosos rincones y zonas verdes de Zaragoza.<\/h4>\n<p>Esto en la III edici\u00f3n del Festival Zaragoza Florece &#8216;ZGZFlorece&#8217; que gira en torno a la pasi\u00f3n que generan por la vida.<\/p>\n<p>As\u00ed como del reencuentro con la naturaleza.<\/p>\n<p>Los aromas y variedades de numerosas composiciones florales e intervenciones art\u00edsticas de floristas nacionales e internacionales.<\/p>\n<p>Los cuales\u00a0vuelven a tomar el protagonismo en espacios emblem\u00e1ticos de la ciudad, como el Parque Grande &#8216;Jos\u00e9 Antonio Labordeta&#8217;.<\/p>\n<p>Adem\u00e1s de que se pueden disfrutar hasta el domingo 28 de mayo.<\/p>\n<p>En esta c\u00e9ntrica y principal zona verde de Zaragoza se ha inaugurado el III Festival Zaragoza Florece, que con la pasi\u00f3n como hilo conductor.<\/p>\n<h5>Adem\u00e1s de que\u00a0invita a seguir adelante con determinaci\u00f3n y que es una constante en todos los montajes que cuajan el Parque Grande.<\/h5>\n<p>La consejera municipal de Servicios P\u00fablicos y Movilidad, Natalia Chueca, ha inaugurado este evento que ha congregado a numerosos ciudadanos.<\/p>\n<p>Ya\u00a0que desde primera hora de la ma\u00f1ana se han acercado al \u00abpulm\u00f3n\u00bb de la ciudad.<\/p>\n<p>Tambi\u00e9n han acudido concejales de la oposici\u00f3n y patrocinadores que hacen posible este evento, Avanza, Tranv\u00eda de Zaragoza.<\/p>\n<p>As\u00ed como de\u00a0Urbaser FCC Medio Ambiente y Caja Rural de Arag\u00f3n, entre otros, a los que Chueca ha agradecido su disponibilidad.<\/p>\n<p>Esto\u00a0porque sin su colaboraci\u00f3n \u00abser\u00eda dif\u00edcil\u00bb llevar a cabo este proyecto.<\/p>\n<p>En su intervenci\u00f3n, Chueca ha confiado en que esta tercera edici\u00f3n tenga igual o mayor \u00e9xito que las dos anteriores.<\/p>\n<p>Adem\u00e1s de que\u00a0ha explicado que la tem\u00e1tica escogida de la pasi\u00f3n obedece al sentimiento hacia la vida.<\/p>\n<p>Esto\u00a0hacia Zaragoza y \u00abcon el que siempre se hacen los grandes proyectos\u00bb.<\/p>\n<p>Ha elogiado a los artistas que han sabido tematizar la idea de la pasi\u00f3n en sus composiciones florales para transmitir \u00abbelleza\u00bb.<\/p>\n<p>Esto a la que se suma la \u00abinspiraci\u00f3n\u00bb e \u00abintensidad\u00bb, que son palabras que se pueden leer en distintos montajes florales.<\/p>\n<h4>Visitantes de otras ciudades<\/h4>\n<p>Chueca ha relatado que Zaragoza Flores es un proyecto que surge al servicios de los zaragozanos en su reencuentro con la naturaleza.<\/p>\n<p>Adem\u00e1s de\u00a0necesidad de estar al aire libre tras el confinamiento por la pandemia de coronavirus.<\/p>\n<p>Esa receptividad de los ciudadanos ha hecho trascender a este evento de ciudad que atrae a numerosos visitantes.<\/p>\n<p>Ya\u00a0que pueden comprobar como \u00abla ciudad respira flores y est\u00e1 repleta de color\u00bb.<\/p>\n<p>Adem\u00e1s, se puede disfrutar de gastronom\u00eda con las foodtrucks instaladas a lo largo del paseo central.<\/p>\n<p>Esto que hacen que \u00absea un mestizaje que ha encajado perfectamente en sociedad zaragozana\u00bb.<\/p>\n<p>La consejera municipal ha dicho que \u00abson cuatro d\u00edas para disfrutar y reencontrarse con el espacio verde m\u00e1s querido de la ciudad.<\/p>\n<p>Adem\u00e1s de\u00a0que tiene un valor hist\u00f3rico para muchas generaciones\u00bb.<\/p>\n<p>Chueca ha subrayado que son miles los visitantes que vienen a ver Zaragoza Florece.<\/p>\n<p>As\u00ed como que\u00a0ha confiado en que se repita el \u00e9xito y acogida de las dos ediciones anteriores.<\/p>\n","protected":false},"excerpt":{"rendered":"<p>Las flores con sus m\u00faltiples colores y olores envuelven numerosos rincones y zonas verdes de Zaragoza. Esto en la III edici\u00f3n del Festival Zaragoza Florece &#8216;ZGZFlorece&#8217; que gira en torno a la pasi\u00f3n que generan por la vida. As\u00ed como del reencuentro con la naturaleza. Los aromas y variedades de numerosas composiciones florales e intervenciones [&hellip;]<\/p>\n","protected":false},"author":1,"featured_media":16074,"comment_status":"open","ping_status":"closed","sticky":false,"template":"","format":"standard","meta":{"footnotes":""},"categories":[2],"tags":[],"class_list":["post-16072","post","type-post","status-publish","format-standard","has-post-thumbnail","hentry","category-cultural"],"_links":{"self":[{"href":"https:\/\/podernacional.com\/index.php?rest_route=\/wp\/v2\/posts\/16072","targetHints":{"allow":["GET"]}}],"collection":[{"href":"https:\/\/podernacional.com\/index.php?rest_route=\/wp\/v2\/posts"}],"about":[{"href":"https:\/\/podernacional.com\/index.php?rest_route=\/wp\/v2\/types\/post"}],"author":[{"embeddable":true,"href":"https:\/\/podernacional.com\/index.php?rest_route=\/wp\/v2\/users\/1"}],"replies":[{"embeddable":true,"href":"https:\/\/podernacional.com\/index.php?rest_route=%2Fwp%2Fv2%2Fcomments&post=16072"}],"version-history":[{"count":1,"href":"https:\/\/podernacional.com\/index.php?rest_route=\/wp\/v2\/posts\/16072\/revisions"}],"predecessor-version":[{"id":16073,"href":"https:\/\/podernacional.com\/index.php?rest_route=\/wp\/v2\/posts\/16072\/revisions\/16073"}],"wp:featuredmedia":[{"embeddable":true,"href":"https:\/\/podernacional.com\/index.php?rest_route=\/wp\/v2\/media\/16074"}],"wp:attachment":[{"href":"https:\/\/podernacional.com\/index.php?rest_route=%2Fwp%2Fv2%2Fmedia&parent=16072"}],"wp:term":[{"taxonomy":"category","embeddable":true,"href":"https:\/\/podernacional.com\/index.php?rest_route=%2Fwp%2Fv2%2Fcategories&post=16072"},{"taxonomy":"post_tag","embeddable":true,"href":"https:\/\/podernacional.com\/index.php?rest_route=%2Fwp%2Fv2%2Ftags&post=16072"}],"curies":[{"name":"wp","href":"https:\/\/api.w.org\/{rel}","templated":true}]}}