{"id":16087,"date":"2023-05-26T16:56:54","date_gmt":"2023-05-26T21:56:54","guid":{"rendered":"https:\/\/podernacional.com\/?p=16087"},"modified":"2023-05-26T21:56:56","modified_gmt":"2023-05-26T21:56:56","slug":"incluye-fundacion-traxion-a-quintana-roo-para-ruta-por-la-educacion","status":"publish","type":"post","link":"https:\/\/podernacional.com\/?p=16087","title":{"rendered":"Incluye Fundaci\u00f3n Traxi\u00f3n a Quintana Roo para Ruta por la Educaci\u00f3n"},"content":{"rendered":"<h4>Inicia el quinto recorrido del proyecto Ruta por la Educaci\u00f3n de la Fundaci\u00f3n Traxi\u00f3n, ahora en Quintana Roo.<\/h4>\n<p>Lugar en, donde j\u00f3venes y adultos de siete municipios tendr\u00e1n la posibilidad de terminar sus estudios de nivel b\u00e1sico.<\/p>\n<p>El\u00edas Dana, director general de Movilidad de Personas en Traxi\u00f3n, anunci\u00f3 que con esta acci\u00f3n se beneficiar\u00e1n a 10 mil personas durante un a\u00f1o.<\/p>\n<p>Contin\u00faan con el apoyo a esta causa Grupo Zapata, Goodyear, Bits, MC Microcomputaci\u00f3n, destac\u00f3 el directivo .<\/p>\n<p>La iniciativa, impulsada en coordinaci\u00f3n con el Instituto Estatal de Educaci\u00f3n para Adultos (IEEA), de la Secretar\u00eda de Educaci\u00f3n P\u00fablica (SEP).<\/p>\n<p>El cual\u00a0se enfoca en certificar los estudios b\u00e1sicos de j\u00f3venes y adultos ubicados en comunidades de escasos recursos.<\/p>\n<p>Para tal prop\u00f3sito, Fundaci\u00f3n Traxi\u00f3n dispone de un autob\u00fas convertido en aula m\u00f3vil equipada con 16 computadoras.<\/p>\n<p>As\u00ed como con\u00a0pantallas interactivas con circuito cerrado, internet inal\u00e1mbrico e impresora multifuncional.<\/p>\n<p>Esto\u00a0para operar mediante tres horarios de lunes a domingo y aprovechar al m\u00e1ximo las capacidades de la unidad.<\/p>\n<p>Las personas interesadas en convertirse en alumnos deben presentar \u00fanicamente CURP y acta de nacimiento para inscribirse.<\/p>\n<p>Sin embargo, se puede acceder a ambos documentos directamente en la unidad en caso de solicitarlos.<\/p>\n<h4>4 Rutas<\/h4>\n<p>Este tipo de Ruta por la Educaci\u00f3n tambi\u00e9n opera en Estado de M\u00e9xico, Puebla, Tabasco y Guanajuato.<\/p>\n<p>\u201cGracias a la aportaci\u00f3n de nuestro grupo empresarial y sinergia que se ha consolidado con aliados\u201d.<\/p>\n<p>\u201cPor ende hoy festejamos el arranque de esta ruta que va a ofrecer un programa educativo avalado por el Instituto Estatal para la Educaci\u00f3n\u201d, subray\u00f3.<\/p>\n<p>El\u00edas Dana agreg\u00f3 que el siguiente a\u00f1o tendr\u00e1n la capacidad de superar la meta de entregar m\u00e1s de 3,500 certificados educativos.<\/p>\n<p>La Fundaci\u00f3n Traxi\u00f3n fue creada en con el objetivo de institucionalizar y profesionalizar las acciones filantr\u00f3picas de Grupo Traxi\u00f3n.<\/p>\n<p>As\u00ed como de\u00a0actuar como el principal brazo social. Con sus acciones sociales busca contribuir al desarrollo del pa\u00eds.<\/p>\n<p>Esto a trav\u00e9s de programas innovadores y de alto impacto en beneficio de grupos vulnerables.<\/p>\n","protected":false},"excerpt":{"rendered":"<p>Inicia el quinto recorrido del proyecto Ruta por la Educaci\u00f3n de la Fundaci\u00f3n Traxi\u00f3n, ahora en Quintana Roo. Lugar en, donde j\u00f3venes y adultos de siete municipios tendr\u00e1n la posibilidad de terminar sus estudios de nivel b\u00e1sico. El\u00edas Dana, director general de Movilidad de Personas en Traxi\u00f3n, anunci\u00f3 que con esta acci\u00f3n se beneficiar\u00e1n a [&hellip;]<\/p>\n","protected":false},"author":1,"featured_media":16089,"comment_status":"open","ping_status":"closed","sticky":false,"template":"","format":"standard","meta":{"footnotes":""},"categories":[10],"tags":[],"class_list":["post-16087","post","type-post","status-publish","format-standard","has-post-thumbnail","hentry","category-quintana-roo"],"_links":{"self":[{"href":"https:\/\/podernacional.com\/index.php?rest_route=\/wp\/v2\/posts\/16087","targetHints":{"allow":["GET"]}}],"collection":[{"href":"https:\/\/podernacional.com\/index.php?rest_route=\/wp\/v2\/posts"}],"about":[{"href":"https:\/\/podernacional.com\/index.php?rest_route=\/wp\/v2\/types\/post"}],"author":[{"embeddable":true,"href":"https:\/\/podernacional.com\/index.php?rest_route=\/wp\/v2\/users\/1"}],"replies":[{"embeddable":true,"href":"https:\/\/podernacional.com\/index.php?rest_route=%2Fwp%2Fv2%2Fcomments&post=16087"}],"version-history":[{"count":1,"href":"https:\/\/podernacional.com\/index.php?rest_route=\/wp\/v2\/posts\/16087\/revisions"}],"predecessor-version":[{"id":16088,"href":"https:\/\/podernacional.com\/index.php?rest_route=\/wp\/v2\/posts\/16087\/revisions\/16088"}],"wp:featuredmedia":[{"embeddable":true,"href":"https:\/\/podernacional.com\/index.php?rest_route=\/wp\/v2\/media\/16089"}],"wp:attachment":[{"href":"https:\/\/podernacional.com\/index.php?rest_route=%2Fwp%2Fv2%2Fmedia&parent=16087"}],"wp:term":[{"taxonomy":"category","embeddable":true,"href":"https:\/\/podernacional.com\/index.php?rest_route=%2Fwp%2Fv2%2Fcategories&post=16087"},{"taxonomy":"post_tag","embeddable":true,"href":"https:\/\/podernacional.com\/index.php?rest_route=%2Fwp%2Fv2%2Ftags&post=16087"}],"curies":[{"name":"wp","href":"https:\/\/api.w.org\/{rel}","templated":true}]}}